{"id":100830,"date":"2026-03-03T06:27:20","date_gmt":"2026-03-03T12:27:20","guid":{"rendered":"https:\/\/elinformante.mx\/?p=100830"},"modified":"2026-03-03T06:27:22","modified_gmt":"2026-03-03T12:27:22","slug":"tejen-redes-universitarias-para-abrazar-al-arbol-de-la-mora-de-la-uaemex-en-el-marco-del-8m","status":"publish","type":"post","link":"https:\/\/elinformante.mx\/?p=100830","title":{"rendered":"Tejen redes universitarias para abrazar al \u00c1rbol de la Mora de la UAEM\u00e9x en el marco del 8M"},"content":{"rendered":"\n<figure class=\"wp-block-pullquote\"><blockquote><p>-La UAEM\u00e9x convoca a la comunidad universitaria y al p\u00fablico en general a participar en la colecta de cuadros de tejido, una acci\u00f3n art\u00edstica que busca fortalecer redes entre mujeres.<\/p><\/blockquote><\/figure>\n\n\n\n<p class=\"has-drop-cap\">Con el prop\u00f3sito de fortalecer las redes universitarias y promover la expresi\u00f3n art\u00edstica como v\u00eda de encuentro y sororidad, la Universidad Aut\u00f3noma del Estado de M\u00e9xico (UAEM\u00e9x), a trav\u00e9s de la Secretar\u00eda de Igualdad Sustantiva y Cuidados, invita a la comunidad universitaria y al p\u00fablico en general a participar en la colecta de cuadros de tejido, actividad que se desarrolla en el marco del 8 de marzo, D\u00eda Internacional de la Mujer.<br><\/p>\n\n\n\n<p>La colecta estar\u00e1 abierta hasta el 06 de marzo y consiste en la elaboraci\u00f3n de cuadros de tejido de 15 x 15 cent\u00edmetros, en color morado, los cuales formar\u00e1n parte de una intervenci\u00f3n colectiva para \u201cabrazar\u201d al \u00c1rbol de la Mora, s\u00edmbolo de encuentro y memoria de la comunidad verde y oro.<br><\/p>\n\n\n\n<p>Para facilitar la participaci\u00f3n, la Secretar\u00eda de Igualdad Sustantiva y Cuidados de la Aut\u00f3noma mexiquense entrega estambre en sus oficinas ubicadas en el Centro de Ciencias Sociales y Humanidades, en Ciudad Universitaria, en un horario de 9:00 a 18:00 horas.<br><\/p>\n\n\n\n<p>La recepci\u00f3n de los cuadros de tejido se realizar\u00e1 tambi\u00e9n de 9:00 a 18:00 horas en los siguientes puntos: Museo Universitario \u201cLeopoldo Flores\u201d, Centro Cultural Universitario \u201cCasa de las Diligencias\u201d, oficinas de la Secretar\u00eda de Igualdad Sustantiva y Cuidados<br><\/p>\n\n\n\n<p>El 07 de marzo se llevar\u00e1 a cabo la uni\u00f3n de los cuadros de tejido en el \u00c1rbol de la Mora, en colaboraci\u00f3n con la Colectiva Lana Desastre, como un acto colectivo de participaci\u00f3n, di\u00e1logo y resignificaci\u00f3n del espacio universitario.<br><\/p>\n\n\n\n<p>Con esta acci\u00f3n, la UAEM\u00e9x refrenda su compromiso de generar rutas de encuentro a trav\u00e9s del arte, fortaleciendo los lazos entre mujeres de todas las edades y promoviendo una cultura de igualdad, cuidado y comunidad.<\/p>\n","protected":false},"excerpt":{"rendered":"<p>-La UAEM\u00e9x convoca a la comunidad universitaria y al p\u00fablico en general a participar en la colecta de cuadros de tejido, una acci\u00f3n art\u00edstica que busca fortalecer redes entre mujeres. Con el prop\u00f3sito de fortalecer las redes universitarias y promover la expresi\u00f3n art\u00edstica como v\u00eda de encuentro y sororidad, la Universidad Aut\u00f3noma del Estado de [&hellip;]<\/p>\n","protected":false},"author":1,"featured_media":100834,"comment_status":"closed","ping_status":"closed","sticky":false,"template":"","format":"standard","meta":{"footnotes":""},"categories":[36],"tags":[],"class_list":["post-100830","post","type-post","status-publish","format-standard","has-post-thumbnail","hentry","category-edomex"],"_links":{"self":[{"href":"https:\/\/elinformante.mx\/index.php?rest_route=\/wp\/v2\/posts\/100830","targetHints":{"allow":["GET"]}}],"collection":[{"href":"https:\/\/elinformante.mx\/index.php?rest_route=\/wp\/v2\/posts"}],"about":[{"href":"https:\/\/elinformante.mx\/index.php?rest_route=\/wp\/v2\/types\/post"}],"author":[{"embeddable":true,"href":"https:\/\/elinformante.mx\/index.php?rest_route=\/wp\/v2\/users\/1"}],"replies":[{"embeddable":true,"href":"https:\/\/elinformante.mx\/index.php?rest_route=%2Fwp%2Fv2%2Fcomments&post=100830"}],"version-history":[{"count":0,"href":"https:\/\/elinformante.mx\/index.php?rest_route=\/wp\/v2\/posts\/100830\/revisions"}],"wp:featuredmedia":[{"embeddable":true,"href":"https:\/\/elinformante.mx\/index.php?rest_route=\/wp\/v2\/media\/100834"}],"wp:attachment":[{"href":"https:\/\/elinformante.mx\/index.php?rest_route=%2Fwp%2Fv2%2Fmedia&parent=100830"}],"wp:term":[{"taxonomy":"category","embeddable":true,"href":"https:\/\/elinformante.mx\/index.php?rest_route=%2Fwp%2Fv2%2Fcategories&post=100830"},{"taxonomy":"post_tag","embeddable":true,"href":"https:\/\/elinformante.mx\/index.php?rest_route=%2Fwp%2Fv2%2Ftags&post=100830"}],"curies":[{"name":"wp","href":"https:\/\/api.w.org\/{rel}","templated":true}]}}