{"id":100837,"date":"2026-03-03T06:50:59","date_gmt":"2026-03-03T12:50:59","guid":{"rendered":"https:\/\/elinformante.mx\/?p=100837"},"modified":"2026-03-03T06:51:02","modified_gmt":"2026-03-03T12:51:02","slug":"destaca-mesa-de-paz-reduccion-del-44-en-homicidios-en-la-zona-oriente-de-edomex","status":"publish","type":"post","link":"https:\/\/elinformante.mx\/?p=100837","title":{"rendered":"Destaca Mesa de Paz reducci\u00f3n del 44% en homicidios en la Zona Oriente de Edom\u00e9x"},"content":{"rendered":"\n<figure class=\"wp-block-pullquote\"><blockquote><p>-\u201dEl esfuerzo conjunto es nuestra mayor fortaleza para recuperar la tranquilidad\u201d, destac\u00f3 la maestra Delfina G\u00f3mez \u00c1lvarez.<\/p><\/blockquote><\/figure>\n\n\n\n<p class=\"has-drop-cap\">En un esfuerzo por consolidar la seguridad en la regi\u00f3n oriente de la entidad, la Gobernadora del Estado de M\u00e9xico, Delfina G\u00f3mez \u00c1lvarez, encabez\u00f3 la Mesa de Coordinaci\u00f3n para la Construcci\u00f3n de la Paz en el municipio de Texcoco.<br><\/p>\n\n\n\n<p>Durante la sesi\u00f3n, se inform\u00f3 una disminuci\u00f3n del 44.82 por ciento en el delito de homicidio doloso en los \u00faltimos 30 d\u00edas dentro de los municipios que integran el Mando Unificado Oriente. Gracias al esquema del Mando Unificado Oriente, la coordinaci\u00f3n entre autoridades federales, estatales y municipales ha permitido optimizar los operativos y labores de inteligencia.<br><\/p>\n\n\n\n<p>Acompa\u00f1ada por alcaldes de la regi\u00f3n y autoridades de los tres \u00f3rdenes de gobierno, la mandataria estatal conoci\u00f3 el reporte del General Alc\u00e1ntara, Coordinador del Mando Unificado, quien detall\u00f3 que este avance es resultado directo de la estrategia operativa implementada en comparaci\u00f3n con el periodo inmediato anterior.<br><\/p>\n\n\n\n<figure class=\"wp-block-image size-large\"><img fetchpriority=\"high\" decoding=\"async\" width=\"1024\" height=\"506\" src=\"https:\/\/elinformante.mx\/wp-content\/uploads\/2026\/03\/7DESTACA-2-1024x506.jpg\" alt=\"\" class=\"wp-image-100844\" srcset=\"https:\/\/elinformante.mx\/wp-content\/uploads\/2026\/03\/7DESTACA-2-1024x506.jpg 1024w, https:\/\/elinformante.mx\/wp-content\/uploads\/2026\/03\/7DESTACA-2-300x148.jpg 300w, https:\/\/elinformante.mx\/wp-content\/uploads\/2026\/03\/7DESTACA-2-768x379.jpg 768w, https:\/\/elinformante.mx\/wp-content\/uploads\/2026\/03\/7DESTACA-2.jpg 1140w\" sizes=\"(max-width: 1024px) 100vw, 1024px\" \/><\/figure>\n\n\n\n<p>\u201cEstos resultados son producto del esfuerzo conjunto entre corporaciones de seguridad, fuerzas armadas y gobiernos locales\u201d, afirm\u00f3 la maestra Delfina G\u00f3mez.<br><\/p>\n\n\n\n<p>La mandataria destac\u00f3 que la evaluaci\u00f3n diaria de la seguridad es clave para dar resultados tangibles. Por ello, asegur\u00f3 que su administraci\u00f3n mantendr\u00e1 el compromiso de no bajar la guardia, reforzando la paz y la seguridad mediante el trabajo interinstitucional y la presencia de fuerzas del orden en las zonas prioritarias de la entidad.<br><\/p>\n\n\n\n<p>Finalmente, el Gobierno del Estado de M\u00e9xico reafirm\u00f3 que la estrategia de inteligencia y patrullaje continuar\u00e1 fortaleci\u00e9ndose para mantener la tendencia a la baja en delitos de alto impacto y devolver la tranquilidad a las familias mexiquenses del oriente.<\/p>\n","protected":false},"excerpt":{"rendered":"<p>-\u201dEl esfuerzo conjunto es nuestra mayor fortaleza para recuperar la tranquilidad\u201d, destac\u00f3 la maestra Delfina G\u00f3mez \u00c1lvarez. En un esfuerzo por consolidar la seguridad en la regi\u00f3n oriente de la entidad, la Gobernadora del Estado de M\u00e9xico, Delfina G\u00f3mez \u00c1lvarez, encabez\u00f3 la Mesa de Coordinaci\u00f3n para la Construcci\u00f3n de la Paz en el municipio de [&hellip;]<\/p>\n","protected":false},"author":1,"featured_media":100843,"comment_status":"closed","ping_status":"closed","sticky":false,"template":"","format":"standard","meta":{"footnotes":""},"categories":[30,36,31],"tags":[],"class_list":["post-100837","post","type-post","status-publish","format-standard","has-post-thumbnail","hentry","category-destacado","category-edomex","category-portada"],"_links":{"self":[{"href":"https:\/\/elinformante.mx\/index.php?rest_route=\/wp\/v2\/posts\/100837","targetHints":{"allow":["GET"]}}],"collection":[{"href":"https:\/\/elinformante.mx\/index.php?rest_route=\/wp\/v2\/posts"}],"about":[{"href":"https:\/\/elinformante.mx\/index.php?rest_route=\/wp\/v2\/types\/post"}],"author":[{"embeddable":true,"href":"https:\/\/elinformante.mx\/index.php?rest_route=\/wp\/v2\/users\/1"}],"replies":[{"embeddable":true,"href":"https:\/\/elinformante.mx\/index.php?rest_route=%2Fwp%2Fv2%2Fcomments&post=100837"}],"version-history":[{"count":0,"href":"https:\/\/elinformante.mx\/index.php?rest_route=\/wp\/v2\/posts\/100837\/revisions"}],"wp:featuredmedia":[{"embeddable":true,"href":"https:\/\/elinformante.mx\/index.php?rest_route=\/wp\/v2\/media\/100843"}],"wp:attachment":[{"href":"https:\/\/elinformante.mx\/index.php?rest_route=%2Fwp%2Fv2%2Fmedia&parent=100837"}],"wp:term":[{"taxonomy":"category","embeddable":true,"href":"https:\/\/elinformante.mx\/index.php?rest_route=%2Fwp%2Fv2%2Fcategories&post=100837"},{"taxonomy":"post_tag","embeddable":true,"href":"https:\/\/elinformante.mx\/index.php?rest_route=%2Fwp%2Fv2%2Ftags&post=100837"}],"curies":[{"name":"wp","href":"https:\/\/api.w.org\/{rel}","templated":true}]}}