{"id":100841,"date":"2026-03-03T07:00:54","date_gmt":"2026-03-03T13:00:54","guid":{"rendered":"https:\/\/elinformante.mx\/?p=100841"},"modified":"2026-03-03T07:00:57","modified_gmt":"2026-03-03T13:00:57","slug":"encabeza-delfina-gomez-202-aniversario-de-la-fundacion-del-edomex","status":"publish","type":"post","link":"https:\/\/elinformante.mx\/?p=100841","title":{"rendered":"Encabeza Delfina G\u00f3mez 202 aniversario de la fundaci\u00f3n del Edom\u00e9x"},"content":{"rendered":"\n<figure class=\"wp-block-pullquote\"><blockquote><p>-Subray\u00f3 que su administraci\u00f3n prioriza obras y servicios en salud, seguridad, educaci\u00f3n e infraestructura.<br>-Reiter\u00f3 el respaldo a las Fuerzas Armadas, reconoci\u00f3 a mujeres, hombres e instituciones distinguidas con la Presea Edom\u00e9x 2025.<\/p><\/blockquote><\/figure>\n\n\n\n<p class=\"has-drop-cap\">La gobernadora Delfina G\u00f3mez \u00c1lvarez encabez\u00f3 la ceremonia por el 202.\u00b0 Aniversario de la Fundaci\u00f3n del Estado de M\u00e9xico y la entrega de la Presea Edom\u00e9x 2025, donde destac\u00f3 que la transformaci\u00f3n contin\u00faa este \u201c2026, A\u00f1o de las Obras\u201d, enfocado en invertir de manera responsable y transparente para atender rezagos y deudas hist\u00f3ricas en comunidades de los 125 municipios.<br><\/p>\n\n\n\n<p>\u201cLos recursos p\u00fablicos son del pueblo y deben retornar a \u00e9l, a trav\u00e9s de servicios en salud, seguridad, educaci\u00f3n, al igual que en infraestructura \u00f3ptima para el desarrollo social. Con esta firme convicci\u00f3n, estamos desplegando un gran esfuerzo para que la transformaci\u00f3n se consolide en todas las regiones y municipios de la entidad; 2026 es el a\u00f1o de las obras en el Estado de M\u00e9xico\u201d, asever\u00f3 la maestra Delfina G\u00f3mez \u00c1lvarez desde el Centro Cultural Bicentenario en Texcoco.<br><\/p>\n\n\n\n<p>La Primer Mandataria Mexiquense record\u00f3 que en su administraci\u00f3n, su principal filosof\u00eda es \u201cEl Poder de Servir\u201d, y ayudar a las personas a mejorar sus condiciones de vida, al asegurar que la ciudadan\u00eda mexiquense sea beneficiada y se garanticen sus derechos.<br><\/p>\n\n\n\n<p>\u201cEl Poder de Servir no es un simple lema, es un concepto profundo que sintetiza la obligaci\u00f3n de nuestro gobierno. El Poder de Servir es una filosof\u00eda que, siguiendo el hilo conductor de nuestra historia, revalora al humanismo mexicano como un modelo de desarrollo equilibrado y socialmente \u00fatil\u201d, asegur\u00f3 la gobernadora Delfina G\u00f3mez \u00c1lvarez.<br><\/p>\n\n\n\n<p>En la ceremonia, refiri\u00f3 el profesionalismo, trabajo, dedicaci\u00f3n y ayuda que hacen a la sociedad mexiquense las 16 personas galardonadas con la Presea Estado de M\u00e9xico 2025.<br><\/p>\n\n\n\n<p>\u201cMi mayor reconocimiento y especial celebraci\u00f3n a nuestros homenajeados; cada una y cada uno de ustedes son un ejemplo a seguir, son la muestra precisa de que el pueblo mexiquense sigue dando grandes hijas e hijos a nuestra amada patria\u201d, dijo la Maestra Delfina G\u00f3mez \u00c1lvarez.<br><\/p>\n\n\n\n<p>Aprovech\u00f3 para reiterar que las Fuerzas Armadas no est\u00e1n solas y cuentan con las y los mexiquenses para defender a la patria, bajo la gu\u00eda y liderazgo de la presidenta de M\u00e9xico, Claudia Sheinbaum Pardo, lo anterior al recordar los hechos acontecidos en Jalisco.<br><\/p>\n\n\n\n<p>La Presea Estado de M\u00e9xico, m\u00e1ximo galard\u00f3n que otorga la entidad, fue entregada a ocho mujeres, cinco hombres y tres instituciones:<br><\/p>\n\n\n\n<p><strong>Presea Ciencia, Tecnolog\u00eda e Innovaci\u00f3n al Dr. Alfonso Xavier Iracheta Cenecorta<br><\/strong><\/p>\n\n\n\n<p>Por sus aportaciones en la planeaci\u00f3n urbana y el desarrollo metropolitano, mediante la generaci\u00f3n de conocimiento cient\u00edfico aplicado a pol\u00edticas p\u00fablicas de vivienda, movilidad y ordenamiento territorial.<br><\/p>\n\n\n\n<p><strong>Presea de Arte y Cultura para C. Virginia Alba Dionicio<br><\/strong><\/p>\n\n\n\n<p>Por preservar la cultura otom\u00ed mediante joyer\u00eda artesanal elaborada con ocoxal, fibra natural de pino.<br><\/p>\n\n\n\n<p><strong>Presea de Pedagog\u00eda y Docencia para la Mtra. Ang\u00e9lica G\u00f3mez Hern\u00e1ndez<br><\/strong><\/p>\n\n\n\n<p>Por sumar a la educaci\u00f3n durante 48 a\u00f1os como maestra, directora, supervisora \u200b\u200by actual Encargada del Despacho del Sector Educativo en Ecatepec.<br><\/p>\n\n\n\n<p><strong>Presea de Periodismo e Informaci\u00f3n para la Mtra. Veneranda Mendoza Herrera<br><\/strong><\/p>\n\n\n\n<p>Periodista de investigaci\u00f3n en el Estado de M\u00e9xico y corresponsal de la revista Proceso y agencia Apro, en los que ha documentando el quehacer gubernamental, actos de corrupci\u00f3n y violaciones a derechos humanos.<br><\/p>\n\n\n\n<p><strong>Presea al M\u00e9rito C\u00edvico y Servicios a la Comunidad para la Universidad Aut\u00f3noma Metropolitana, Unidad Lerma<br><\/strong><\/p>\n\n\n\n<p>Por su investigaci\u00f3n y vinculaci\u00f3n comunitaria, con proyectos de saneamiento de humedales, captaci\u00f3n de agua pluvial y agricultura sostenible en el Estado de M\u00e9xico.<br><\/p>\n\n\n\n<p><strong>Presea al Trabajo para la enfermera Catalina Natividad Olvera Gonz\u00e1lez<br><\/strong><\/p>\n\n\n\n<p>Por sus aportaciones a la seguridad y protecci\u00f3n civil durante diez a\u00f1os en el Parque Ecol\u00f3gico Zacango.<br><\/p>\n\n\n\n<figure class=\"wp-block-image size-large\"><img fetchpriority=\"high\" decoding=\"async\" width=\"1024\" height=\"506\" src=\"https:\/\/elinformante.mx\/wp-content\/uploads\/2026\/03\/8delfina-1-1024x506.jpg\" alt=\"\" class=\"wp-image-100847\" srcset=\"https:\/\/elinformante.mx\/wp-content\/uploads\/2026\/03\/8delfina-1-1024x506.jpg 1024w, https:\/\/elinformante.mx\/wp-content\/uploads\/2026\/03\/8delfina-1-300x148.jpg 300w, https:\/\/elinformante.mx\/wp-content\/uploads\/2026\/03\/8delfina-1-768x379.jpg 768w, https:\/\/elinformante.mx\/wp-content\/uploads\/2026\/03\/8delfina-1.jpg 1140w\" sizes=\"(max-width: 1024px) 100vw, 1024px\" \/><\/figure>\n\n\n\n<p><strong>Presea a la Juventud para la mtra. Claudia Azucena Francisco Morales<br><\/strong><\/p>\n\n\n\n<p>Por su investigaci\u00f3n en vacunas y bioterap\u00e9uticos, con participaci\u00f3n en el desarrollo de una inmunizaci\u00f3n contra el virus Nipah en el La Jolla Institute for Immunology.<br><\/p>\n\n\n\n<p><strong>Prese a la Contribuci\u00f3n en el Servicio P\u00fablico para la Dra. Susana Libien D\u00edaz Gonz\u00e1lez<br><\/strong><\/p>\n\n\n\n<p>Servidora p\u00fablica durante m\u00e1s de 35 a\u00f1os en el Gobierno del Estado de M\u00e9xico.<br><\/p>\n\n\n\n<p><strong>Presea al Impulso Econ\u00f3mico para la C. Rosario N\u00fa\u00f1ez Flores.<br><\/strong><\/p>\n\n\n\n<p>Por el impulso al arte textil como maestra artesana del rebozo en Tenancingo, rescatando y preservando t\u00e9cnicas ancestrales del empuntado y rapacejo tradicional.<br><\/p>\n\n\n\n<p><strong>Presea de la Preservaci\u00f3n del Ambiente y la Sostenibilidad de los Recursos Naturales para el Ing. Ra\u00fal Dom\u00ednguez Vences<br><\/strong><\/p>\n\n\n\n<p>Por preservar el medio ambiente mediante emprendimientos agropecuarios sustentables en el sur del Estado de M\u00e9xico.<br><\/p>\n\n\n\n<p><strong>Presea a Quienes sin ser Mexiquenses Tengan M\u00e9ritos Eminentes o Relevantes para la C. Valeria Palacios Cruz<br><\/strong><\/p>\n\n\n\n<p>Por el desarrollo de soluciones tecnol\u00f3gicas con inteligencia artificial, rob\u00f3tica y drones para el monitoreo ambiental y atenci\u00f3n de emergencias.<br><\/p>\n\n\n\n<p><strong>Para el C. Jos\u00e9 Saturnino Cardozo Otaz\u00fa.<br><\/strong><\/p>\n\n\n\n<p>Por sus m\u00e9ritos deportivos como m\u00e1ximo goleador hist\u00f3rico del Deportivo Toluca, con 249 anotaciones y cuatro campeonatos de liga.<br><\/p>\n\n\n\n<p><strong>Presea a la Defensa de los Derechos Humanos para el C. Rodolfo Ignacio G\u00f3mez.<br><\/strong><\/p>\n\n\n\n<p>Por la defensa de los derechos humanos como consultor de la UNESCO, impulsando el derecho a la educaci\u00f3n y la protecci\u00f3n de la infancia en contextos de violencia.<br><\/p>\n\n\n\n<p><strong>Presea de la Seguridad, Protecci\u00f3n Ciudadana o Procuraci\u00f3n de Justicia para la Unidad de Rescate A\u00e9reo \u201cRel\u00e1mpagos\u201d<br><\/strong><\/p>\n\n\n\n<p>Por 31 a\u00f1os de servicio ininterrumpido, realizando m\u00e1s de 14 mil 500 operaciones de ambulancia a\u00e9rea, rescate en zonas de dif\u00edcil acceso, combate de incendios forestales y atenci\u00f3n a desastres.<br><\/p>\n\n\n\n<p><strong>Presea al M\u00e9rito Agrario para el C. Carlos Ju\u00e1rez Guzm\u00e1n.<br><\/strong><\/p>\n\n\n\n<p>Por sus aportaciones a la agricultura sustentable mediante la conservaci\u00f3n de semillas nativas de ma\u00edz y frijol en el Banco de Germoplasma.<br><\/p>\n\n\n\n<p><strong>Presea de Medicina y Fomento a la Salud para el Banco de Tejidos.<br><\/strong><\/p>\n\n\n\n<p>Por contribuir a la salud mediante el suministro de m\u00e1s de 16 mil tejidos humanos a hospitales del pa\u00eds entre 2022 y 2025.<\/p>\n\n\n\n<figure class=\"wp-block-image size-large\"><img decoding=\"async\" width=\"1024\" height=\"506\" src=\"https:\/\/elinformante.mx\/wp-content\/uploads\/2026\/03\/8delfina-2-1-1024x506.jpg\" alt=\"\" class=\"wp-image-100849\" srcset=\"https:\/\/elinformante.mx\/wp-content\/uploads\/2026\/03\/8delfina-2-1-1024x506.jpg 1024w, https:\/\/elinformante.mx\/wp-content\/uploads\/2026\/03\/8delfina-2-1-300x148.jpg 300w, https:\/\/elinformante.mx\/wp-content\/uploads\/2026\/03\/8delfina-2-1-768x379.jpg 768w, https:\/\/elinformante.mx\/wp-content\/uploads\/2026\/03\/8delfina-2-1.jpg 1140w\" sizes=\"(max-width: 1024px) 100vw, 1024px\" \/><\/figure>\n","protected":false},"excerpt":{"rendered":"<p>-Subray\u00f3 que su administraci\u00f3n prioriza obras y servicios en salud, seguridad, educaci\u00f3n e infraestructura.-Reiter\u00f3 el respaldo a las Fuerzas Armadas, reconoci\u00f3 a mujeres, hombres e instituciones distinguidas con la Presea Edom\u00e9x 2025. La gobernadora Delfina G\u00f3mez \u00c1lvarez encabez\u00f3 la ceremonia por el 202.\u00b0 Aniversario de la Fundaci\u00f3n del Estado de M\u00e9xico y la entrega de [&hellip;]<\/p>\n","protected":false},"author":1,"featured_media":100846,"comment_status":"closed","ping_status":"closed","sticky":false,"template":"","format":"standard","meta":{"footnotes":""},"categories":[30,36,31],"tags":[46],"class_list":["post-100841","post","type-post","status-publish","format-standard","has-post-thumbnail","hentry","category-destacado","category-edomex","category-portada","tag-portadaedomex"],"_links":{"self":[{"href":"https:\/\/elinformante.mx\/index.php?rest_route=\/wp\/v2\/posts\/100841","targetHints":{"allow":["GET"]}}],"collection":[{"href":"https:\/\/elinformante.mx\/index.php?rest_route=\/wp\/v2\/posts"}],"about":[{"href":"https:\/\/elinformante.mx\/index.php?rest_route=\/wp\/v2\/types\/post"}],"author":[{"embeddable":true,"href":"https:\/\/elinformante.mx\/index.php?rest_route=\/wp\/v2\/users\/1"}],"replies":[{"embeddable":true,"href":"https:\/\/elinformante.mx\/index.php?rest_route=%2Fwp%2Fv2%2Fcomments&post=100841"}],"version-history":[{"count":0,"href":"https:\/\/elinformante.mx\/index.php?rest_route=\/wp\/v2\/posts\/100841\/revisions"}],"wp:featuredmedia":[{"embeddable":true,"href":"https:\/\/elinformante.mx\/index.php?rest_route=\/wp\/v2\/media\/100846"}],"wp:attachment":[{"href":"https:\/\/elinformante.mx\/index.php?rest_route=%2Fwp%2Fv2%2Fmedia&parent=100841"}],"wp:term":[{"taxonomy":"category","embeddable":true,"href":"https:\/\/elinformante.mx\/index.php?rest_route=%2Fwp%2Fv2%2Fcategories&post=100841"},{"taxonomy":"post_tag","embeddable":true,"href":"https:\/\/elinformante.mx\/index.php?rest_route=%2Fwp%2Fv2%2Ftags&post=100841"}],"curies":[{"name":"wp","href":"https:\/\/api.w.org\/{rel}","templated":true}]}}