{"id":100872,"date":"2026-03-03T07:43:37","date_gmt":"2026-03-03T13:43:37","guid":{"rendered":"https:\/\/elinformante.mx\/?p=100872"},"modified":"2026-03-03T07:43:43","modified_gmt":"2026-03-03T13:43:43","slug":"obtiene-garcia-harfuch-el-82-de-aprobacion-tras-operativo","status":"publish","type":"post","link":"https:\/\/elinformante.mx\/?p=100872","title":{"rendered":"OBTIENE GARC\u00cdA HARFUCH EL 82% DE APROBACI\u00d3N TRAS OPERATIVO"},"content":{"rendered":"\n<figure class=\"wp-block-pullquote\"><blockquote><p>-El secretario de Seguridad se posiciona como el favorito para la presidencia, superando a figuras como Fern\u00e1ndez Noro\u00f1a y Marcelo Ebrard.<\/p><\/blockquote><\/figure>\n\n\n\n<p class=\"has-drop-cap\">A medida que el panorama pol\u00edtico hacia la sucesi\u00f3n presidencial de 2030 comienza a configurarse, los partidos pol\u00edticos y sus figuras clave ya mueven sus piezas en el juego electoral.<br><\/p>\n\n\n\n<p>De acuerdo a una serie de encuestas, se ha revelado una tendencia clara en las preferencias del electorado mexicano, donde la continuidad del proyecto actual parece tener un rostro definido en las mediciones preliminares.<br><\/p>\n\n\n\n<p>Sin tomar en cuenta alianzas ni coaliciones, MORENA se consolida como la fuerza pol\u00edtica dominante en el pa\u00eds con un 43.5% de la intenci\u00f3n de voto. Mientras que el bloque opositor y otras fuerzas pol\u00edticas presentan los siguientes resultados, colocando al PAN en segunda posici\u00f3n con 15.4%, a Movimiento Ciudadano (MC) con un 13.1%; el PRI con un 9.0%; PVEM manteniendo un 3.6%; el PT con un 1.5%; mientras que aquellos que no tienen una preferencia clara son el 7.9% y quienes prefieren alguna otro opci\u00f3n son el 6.0%.<br><\/p>\n\n\n\n<figure class=\"wp-block-image size-large\"><img fetchpriority=\"high\" decoding=\"async\" width=\"1024\" height=\"506\" src=\"https:\/\/elinformante.mx\/wp-content\/uploads\/2026\/03\/9omar-3-1024x506.jpg\" alt=\"\" class=\"wp-image-100877\" srcset=\"https:\/\/elinformante.mx\/wp-content\/uploads\/2026\/03\/9omar-3-1024x506.jpg 1024w, https:\/\/elinformante.mx\/wp-content\/uploads\/2026\/03\/9omar-3-300x148.jpg 300w, https:\/\/elinformante.mx\/wp-content\/uploads\/2026\/03\/9omar-3-768x379.jpg 768w, https:\/\/elinformante.mx\/wp-content\/uploads\/2026\/03\/9omar-3.jpg 1140w\" sizes=\"(max-width: 1024px) 100vw, 1024px\" \/><\/figure>\n\n\n\n<p>Uno de los datos que m\u00e1s llam\u00f3 la atenci\u00f3n, es que tras el operativo para detener a Nemesio Oseguera, alias \u201cEl Mencho\u201d, la calificaci\u00f3n para la actuaci\u00f3n del secretario de Seguridad y Protecci\u00f3n Ciudadana (SSCP), Omar Garc\u00eda Harfuch aument\u00f3 significativamente.<br><\/p>\n\n\n\n<p>Garc\u00eda Harfuch se posiciona como el favorito para suceder a la presidencia, superando por amplio margen a figuras como Fern\u00e1ndez Noro\u00f1a y Marcelo Ebrard.<br><\/p>\n\n\n\n<p>As\u00ed lo muestran los datos de la encuesta, donde 1700 personas adultas fueron encuestadas v\u00eda telef\u00f3nica, antes y despu\u00e9s del operativo. En ambas encuestas, el 82% de las personas calificaron como bien o muy bien el operativo en Tatalpa contra \u2018El Mencho\u2019, donde el l\u00edder del C\u00e1rtel Jalisco Nueva Generaci\u00f3n (CJNG) fue abatido.<br><\/p>\n\n\n\n<p>El 58% de los encuestados consider\u00f3 como buena o muy buena la cooperaci\u00f3n de Estados Unidos con M\u00e9xico, para que las fuerzas mexicanas realizaran el operativo contra \u2018El Mencho\u2019.<br><\/p>\n\n\n\n<figure class=\"wp-block-image size-large\"><img decoding=\"async\" width=\"1024\" height=\"506\" src=\"https:\/\/elinformante.mx\/wp-content\/uploads\/2026\/03\/9omar-2-1024x506.jpg\" alt=\"\" class=\"wp-image-100878\" srcset=\"https:\/\/elinformante.mx\/wp-content\/uploads\/2026\/03\/9omar-2-1024x506.jpg 1024w, https:\/\/elinformante.mx\/wp-content\/uploads\/2026\/03\/9omar-2-300x148.jpg 300w, https:\/\/elinformante.mx\/wp-content\/uploads\/2026\/03\/9omar-2-768x379.jpg 768w, https:\/\/elinformante.mx\/wp-content\/uploads\/2026\/03\/9omar-2.jpg 1140w\" sizes=\"(max-width: 1024px) 100vw, 1024px\" \/><\/figure>\n\n\n\n<p>Omar Garc\u00eda Harfuch obtuvo un 81% de calificaciones buenas o muy buenas por las acciones en Jalisco, mientras que el 13% lo calific\u00f3 de manera negativa.<br><\/p>\n\n\n\n<p>Mientras que el secretario de Defensa, el general Ricardo Trevilla, obtuvo 74% de evaluaciones positivas y 16 por ciento negativas.<br><\/p>\n\n\n\n<p>El Ej\u00e9rcito fue el mejor evaluado con un 88% de opiniones positivas de los encuestados, mientras que la Guardia Nacional y la Marina obtuvieron el 85 por ciento de opiniones favorables cada una.<\/p>\n\n\n\n<figure class=\"wp-block-image size-large\"><img decoding=\"async\" width=\"1024\" height=\"506\" src=\"https:\/\/elinformante.mx\/wp-content\/uploads\/2026\/03\/9omar-4-1024x506.jpg\" alt=\"\" class=\"wp-image-100879\" srcset=\"https:\/\/elinformante.mx\/wp-content\/uploads\/2026\/03\/9omar-4-1024x506.jpg 1024w, https:\/\/elinformante.mx\/wp-content\/uploads\/2026\/03\/9omar-4-300x148.jpg 300w, https:\/\/elinformante.mx\/wp-content\/uploads\/2026\/03\/9omar-4-768x379.jpg 768w, https:\/\/elinformante.mx\/wp-content\/uploads\/2026\/03\/9omar-4.jpg 1140w\" sizes=\"(max-width: 1024px) 100vw, 1024px\" \/><\/figure>\n","protected":false},"excerpt":{"rendered":"<p>-El secretario de Seguridad se posiciona como el favorito para la presidencia, superando a figuras como Fern\u00e1ndez Noro\u00f1a y Marcelo Ebrard. A medida que el panorama pol\u00edtico hacia la sucesi\u00f3n presidencial de 2030 comienza a configurarse, los partidos pol\u00edticos y sus figuras clave ya mueven sus piezas en el juego electoral. De acuerdo a una [&hellip;]<\/p>\n","protected":false},"author":1,"featured_media":100876,"comment_status":"closed","ping_status":"closed","sticky":false,"template":"","format":"standard","meta":{"footnotes":""},"categories":[30,34,31],"tags":[47],"class_list":["post-100872","post","type-post","status-publish","format-standard","has-post-thumbnail","hentry","category-destacado","category-nacional","category-portada","tag-portadanacional"],"_links":{"self":[{"href":"https:\/\/elinformante.mx\/index.php?rest_route=\/wp\/v2\/posts\/100872","targetHints":{"allow":["GET"]}}],"collection":[{"href":"https:\/\/elinformante.mx\/index.php?rest_route=\/wp\/v2\/posts"}],"about":[{"href":"https:\/\/elinformante.mx\/index.php?rest_route=\/wp\/v2\/types\/post"}],"author":[{"embeddable":true,"href":"https:\/\/elinformante.mx\/index.php?rest_route=\/wp\/v2\/users\/1"}],"replies":[{"embeddable":true,"href":"https:\/\/elinformante.mx\/index.php?rest_route=%2Fwp%2Fv2%2Fcomments&post=100872"}],"version-history":[{"count":0,"href":"https:\/\/elinformante.mx\/index.php?rest_route=\/wp\/v2\/posts\/100872\/revisions"}],"wp:featuredmedia":[{"embeddable":true,"href":"https:\/\/elinformante.mx\/index.php?rest_route=\/wp\/v2\/media\/100876"}],"wp:attachment":[{"href":"https:\/\/elinformante.mx\/index.php?rest_route=%2Fwp%2Fv2%2Fmedia&parent=100872"}],"wp:term":[{"taxonomy":"category","embeddable":true,"href":"https:\/\/elinformante.mx\/index.php?rest_route=%2Fwp%2Fv2%2Fcategories&post=100872"},{"taxonomy":"post_tag","embeddable":true,"href":"https:\/\/elinformante.mx\/index.php?rest_route=%2Fwp%2Fv2%2Ftags&post=100872"}],"curies":[{"name":"wp","href":"https:\/\/api.w.org\/{rel}","templated":true}]}}