{"id":100886,"date":"2026-03-04T05:41:03","date_gmt":"2026-03-04T11:41:03","guid":{"rendered":"https:\/\/elinformante.mx\/?p=100886"},"modified":"2026-03-04T05:41:05","modified_gmt":"2026-03-04T11:41:05","slug":"taylor-swift-y-travis-kelce-ya-tienen-fecha-de-boda","status":"publish","type":"post","link":"https:\/\/elinformante.mx\/?p=100886","title":{"rendered":"Taylor Swift y Travis Kelce ya tienen fecha de boda"},"content":{"rendered":"\n<figure class=\"wp-block-pullquote\"><blockquote><p>-Fue un invitado el encargado de revelar que la pareja ya tiene fecha para el enlace.<\/p><\/blockquote><\/figure>\n\n\n\n<p class=\"has-drop-cap\">La boda entre Taylor Swift y Travis Kelce no deja dormir a sus fans, y es que en las \u00faltimas semanas el tema de la fecha ha encendido las conversaciones.<br><\/p>\n\n\n\n<p>Diversos reportes que no han confirmado han asegurado que la pareja planea casarse el 13 de junio. Y es que esta elecci\u00f3n no ser\u00eda casual, pues en varias ocasiones Swift ha dicho que el 13 es su n\u00famero de la suerte, por lo que, si no es en junio, muchos seguidores est\u00e1n convencidos de que la ceremonia ocurrir\u00e1 un d\u00eda 13 de cualquier otro mes.<br><\/p>\n\n\n\n<p>Pero m\u00e1s all\u00e1 de lo que la cantante y el jugador decidan compartir p\u00fablicamente, la fecha oficial sigue siendo un misterio.<br><\/p>\n\n\n\n<p>Pero quien asegur\u00f3 que ya conoce la fecha en la que la pareja m\u00e1s medi\u00e1tica del momento planea celebrar su boda, o por lo menos eso dej\u00f3 entrever, es el presentador y comediante Graham Norton, quien lo se\u00f1al\u00f3 a trav\u00e9s de un mensaje publicado en su cuenta de X, seg\u00fan reportaron el sitio especializado E! Online y otros medios de entretenimiento.<br><\/p>\n\n\n\n<figure class=\"wp-block-image size-large\"><img fetchpriority=\"high\" decoding=\"async\" width=\"1024\" height=\"506\" src=\"https:\/\/elinformante.mx\/wp-content\/uploads\/2026\/03\/15taylor-3-1024x506.jpg\" alt=\"\" class=\"wp-image-100890\" srcset=\"https:\/\/elinformante.mx\/wp-content\/uploads\/2026\/03\/15taylor-3-1024x506.jpg 1024w, https:\/\/elinformante.mx\/wp-content\/uploads\/2026\/03\/15taylor-3-300x148.jpg 300w, https:\/\/elinformante.mx\/wp-content\/uploads\/2026\/03\/15taylor-3-768x379.jpg 768w, https:\/\/elinformante.mx\/wp-content\/uploads\/2026\/03\/15taylor-3.jpg 1140w\" sizes=\"(max-width: 1024px) 100vw, 1024px\" \/><\/figure>\n\n\n\n<p>\u201c\u00a1Es muy emocionante que @taylorswift13 ya tenga fecha para su boda!\u201d, escribi\u00f3 Norton el viernes, en una publicaci\u00f3n que acumul\u00f3 1.4 millones de visualizaciones en menos de 24 horas tras ser compartida.<br><\/p>\n\n\n\n<p>Norton es comediante de profesi\u00f3n, por lo que siempre cabe la posibilidad de que su publicaci\u00f3n en redes haya sido simplemente una broma. Sin embargo, el veterano presentador nocturno tambi\u00e9n tiene suficientes credenciales como para pensar que podr\u00eda estar lo bastante cercano a Swift como para conocer un dato de esa magnitud.<br><\/p>\n\n\n\n<p>La cantante ha participado en su programa en cinco ocasiones, una cifra que, al parecer, supera sus apariciones en cualquier otro talk show nocturno, aunque tambi\u00e9n fue invitada recurrente en The Tonight Show con Jimmy Fallon.<br><\/p>\n\n\n\n<p>Su visita m\u00e1s reciente al programa de Norton fue en octubre pasado, cuando acudi\u00f3 para promocionar su entonces nuevo \u00e1lbum, The Life of a Showgirl.<\/p>\n","protected":false},"excerpt":{"rendered":"<p>-Fue un invitado el encargado de revelar que la pareja ya tiene fecha para el enlace. La boda entre Taylor Swift y Travis Kelce no deja dormir a sus fans, y es que en las \u00faltimas semanas el tema de la fecha ha encendido las conversaciones. Diversos reportes que no han confirmado han asegurado que [&hellip;]<\/p>\n","protected":false},"author":1,"featured_media":100889,"comment_status":"closed","ping_status":"closed","sticky":false,"template":"","format":"standard","meta":{"footnotes":""},"categories":[39],"tags":[],"class_list":["post-100886","post","type-post","status-publish","format-standard","has-post-thumbnail","hentry","category-espectaculos"],"_links":{"self":[{"href":"https:\/\/elinformante.mx\/index.php?rest_route=\/wp\/v2\/posts\/100886","targetHints":{"allow":["GET"]}}],"collection":[{"href":"https:\/\/elinformante.mx\/index.php?rest_route=\/wp\/v2\/posts"}],"about":[{"href":"https:\/\/elinformante.mx\/index.php?rest_route=\/wp\/v2\/types\/post"}],"author":[{"embeddable":true,"href":"https:\/\/elinformante.mx\/index.php?rest_route=\/wp\/v2\/users\/1"}],"replies":[{"embeddable":true,"href":"https:\/\/elinformante.mx\/index.php?rest_route=%2Fwp%2Fv2%2Fcomments&post=100886"}],"version-history":[{"count":0,"href":"https:\/\/elinformante.mx\/index.php?rest_route=\/wp\/v2\/posts\/100886\/revisions"}],"wp:featuredmedia":[{"embeddable":true,"href":"https:\/\/elinformante.mx\/index.php?rest_route=\/wp\/v2\/media\/100889"}],"wp:attachment":[{"href":"https:\/\/elinformante.mx\/index.php?rest_route=%2Fwp%2Fv2%2Fmedia&parent=100886"}],"wp:term":[{"taxonomy":"category","embeddable":true,"href":"https:\/\/elinformante.mx\/index.php?rest_route=%2Fwp%2Fv2%2Fcategories&post=100886"},{"taxonomy":"post_tag","embeddable":true,"href":"https:\/\/elinformante.mx\/index.php?rest_route=%2Fwp%2Fv2%2Ftags&post=100886"}],"curies":[{"name":"wp","href":"https:\/\/api.w.org\/{rel}","templated":true}]}}