{"id":100891,"date":"2026-03-04T05:43:43","date_gmt":"2026-03-04T11:43:43","guid":{"rendered":"https:\/\/elinformante.mx\/?p=100891"},"modified":"2026-03-04T05:43:45","modified_gmt":"2026-03-04T11:43:45","slug":"fifa-presenta-el-poster-oficial-del-mundial-2026","status":"publish","type":"post","link":"https:\/\/elinformante.mx\/?p=100891","title":{"rendered":"FIFA presenta el p\u00f3ster oficial del Mundial 2026"},"content":{"rendered":"\n<figure class=\"wp-block-pullquote\"><blockquote><p>-Esta pieza completa la colecci\u00f3n de posters del torneo, misma que est\u00e1 conformada por los 16 p\u00f3sters oficiales de las ciudades sede mismos que fueron presentados el a\u00f1o pasado.<\/p><\/blockquote><\/figure>\n\n\n\n<p class=\"has-drop-cap\">A tan solo 100 d\u00edas de dar inicio a la Copa del Mundo 2026, la FIFA present\u00f3 el p\u00f3ster oficial del torneo que por primera vez se jugar\u00e1 en tres pa\u00edses (M\u00e9xico, Estados Unidos y Canad\u00e1) y ser\u00e1 disputado por 48 selecciones.<br><\/p>\n\n\n\n<p>El colorido dise\u00f1o re\u00fane de manera excepcional el talento art\u00edstico de los tres pa\u00edses anfitriones, pues por primera vez en la historia del Mundial tres artistas colaboraron para crear el p\u00f3ster de la competencia m\u00e1s importante en el mundo del futbol.<br><\/p>\n\n\n\n<p>\u201cEl dise\u00f1o presenta una composici\u00f3n tipo collage con un futbolista como figura central, que simboliza la capacidad del futbol para unir el mundo\u201d, detall\u00f3 la FIFA en un comunicado.<br><\/p>\n\n\n\n<p>Esta pieza completa la colecci\u00f3n de posters del torneo, misma que est\u00e1 conformada por los 16 p\u00f3sters oficiales de las ciudades sede mismos que fueron presentados el a\u00f1o pasado.<br><\/p>\n\n\n\n<p>\u201cEl p\u00f3ster oficial de la Copa Mundial de la FIFA 2026 refleja la energ\u00eda, la diversidad y la pasi\u00f3n compartida por el futbol que definir\u00e1n la edici\u00f3n m\u00e1s inclusiva en la historia de la competencia. Desde el inicio del torneo hasta el silbatazo final, miles de millones de aficionados en los estadios y en cada continente vivir\u00e1n momentos que trascienden el futbol y celebrar\u00e1n la uni\u00f3n entre culturas en un escenario global\u201d, destac\u00f3 Gianni Infantino, presidente de la FIFA.<\/p>\n","protected":false},"excerpt":{"rendered":"<p>-Esta pieza completa la colecci\u00f3n de posters del torneo, misma que est\u00e1 conformada por los 16 p\u00f3sters oficiales de las ciudades sede mismos que fueron presentados el a\u00f1o pasado. A tan solo 100 d\u00edas de dar inicio a la Copa del Mundo 2026, la FIFA present\u00f3 el p\u00f3ster oficial del torneo que por primera vez [&hellip;]<\/p>\n","protected":false},"author":1,"featured_media":100894,"comment_status":"closed","ping_status":"closed","sticky":false,"template":"","format":"standard","meta":{"footnotes":""},"categories":[38],"tags":[],"class_list":["post-100891","post","type-post","status-publish","format-standard","has-post-thumbnail","hentry","category-deportes"],"_links":{"self":[{"href":"https:\/\/elinformante.mx\/index.php?rest_route=\/wp\/v2\/posts\/100891","targetHints":{"allow":["GET"]}}],"collection":[{"href":"https:\/\/elinformante.mx\/index.php?rest_route=\/wp\/v2\/posts"}],"about":[{"href":"https:\/\/elinformante.mx\/index.php?rest_route=\/wp\/v2\/types\/post"}],"author":[{"embeddable":true,"href":"https:\/\/elinformante.mx\/index.php?rest_route=\/wp\/v2\/users\/1"}],"replies":[{"embeddable":true,"href":"https:\/\/elinformante.mx\/index.php?rest_route=%2Fwp%2Fv2%2Fcomments&post=100891"}],"version-history":[{"count":0,"href":"https:\/\/elinformante.mx\/index.php?rest_route=\/wp\/v2\/posts\/100891\/revisions"}],"wp:featuredmedia":[{"embeddable":true,"href":"https:\/\/elinformante.mx\/index.php?rest_route=\/wp\/v2\/media\/100894"}],"wp:attachment":[{"href":"https:\/\/elinformante.mx\/index.php?rest_route=%2Fwp%2Fv2%2Fmedia&parent=100891"}],"wp:term":[{"taxonomy":"category","embeddable":true,"href":"https:\/\/elinformante.mx\/index.php?rest_route=%2Fwp%2Fv2%2Fcategories&post=100891"},{"taxonomy":"post_tag","embeddable":true,"href":"https:\/\/elinformante.mx\/index.php?rest_route=%2Fwp%2Fv2%2Ftags&post=100891"}],"curies":[{"name":"wp","href":"https:\/\/api.w.org\/{rel}","templated":true}]}}