{"id":100893,"date":"2026-03-04T05:45:08","date_gmt":"2026-03-04T11:45:08","guid":{"rendered":"https:\/\/elinformante.mx\/?p=100893"},"modified":"2026-03-04T05:45:11","modified_gmt":"2026-03-04T11:45:11","slug":"se-prenden-las-alarmas-en-varias-selecciones-por-jugadores-lesionados","status":"publish","type":"post","link":"https:\/\/elinformante.mx\/?p=100893","title":{"rendered":"Se prenden las alarmas en varias selecciones por jugadores lesionados"},"content":{"rendered":"\n<figure class=\"wp-block-pullquote\"><blockquote><p>-Las selecciones de Brasil y Portugal podr\u00edan perder a dos de sus mejores jugadores.<\/p><\/blockquote><\/figure>\n\n\n\n<p class=\"has-drop-cap\">Alarma en la selecci\u00f3n de Brasil, despu\u00e9s de confirmarse la grave lesi\u00f3n que sufri\u00f3 Rodrygo durante el juego entre Real Madrid vs. Getafe de LaLiga.<br><\/p>\n\n\n\n<p>De acuerdo a lo informado, Rodrygo ser\u00e1 baja para el resto de la temporada, adem\u00e1s de perderse el Mundial 2026 con la selecci\u00f3n de Brasil.<br><\/p>\n\n\n\n<p>El Real Madrid anunci\u00f3 que el extremo brasile\u00f1o se someti\u00f3 a ex\u00e1menes m\u00e9dicos y los resultados arrojaron lesi\u00f3n de ligamento cruzado anterior de la rodilla derecha, adem\u00e1s de una rotura del menisco externo, por lo que deber\u00e1 operarse en las pr\u00f3ximas horas.<br><\/p>\n\n\n\n<p>Rodrygo ser\u00eda baja hasta finales del 2026, por lo que es un hecho que se perder\u00e1 la Copa Mundial de la FIFA 26 que inicia en 100 d\u00edas.<br><\/p>\n\n\n\n<p>Rodrygo apuntaba a disputar su segunda Copa del Mundo tras debutar en Qatar 2022, donde jug\u00f3 179 minutos en cinco partidos, uno de titular. Ahora Carlo Ancelotti tendr\u00e1 que lidiar con su baja y una de las opciones que tendr\u00e1 el t\u00e9cnico italiano ser\u00e1 Neymar, que sue\u00f1a con jugar su \u00faltimo Mundial.<br><\/p>\n\n\n\n<figure class=\"wp-block-image size-large\"><img fetchpriority=\"high\" decoding=\"async\" width=\"1024\" height=\"506\" src=\"https:\/\/elinformante.mx\/wp-content\/uploads\/2026\/03\/14-se-prenden-1024x506.jpg\" alt=\"\" class=\"wp-image-100897\" srcset=\"https:\/\/elinformante.mx\/wp-content\/uploads\/2026\/03\/14-se-prenden-1024x506.jpg 1024w, https:\/\/elinformante.mx\/wp-content\/uploads\/2026\/03\/14-se-prenden-300x148.jpg 300w, https:\/\/elinformante.mx\/wp-content\/uploads\/2026\/03\/14-se-prenden-768x379.jpg 768w, https:\/\/elinformante.mx\/wp-content\/uploads\/2026\/03\/14-se-prenden.jpg 1140w\" sizes=\"(max-width: 1024px) 100vw, 1024px\" \/><\/figure>\n\n\n\n<p>Quien m\u00e1s ha sorprendido y ha puesto en la mira a la selecci\u00f3n de Portugal es la informaci\u00f3n que se ha dado a conocer, y es que todo indica que el delantero lusitano Cristiano Ronaldo, jugador del Al Nassr, se lesion\u00f3 el pasado 28 de febrero durante el juego ante el Al Fayha.<br><\/p>\n\n\n\n<p>Durante el encuentro, Jorge Jes\u00fas, t\u00e9cnico del Al-Nassr, se lo llev\u00f3 de cambio al minuto 81, y aunque al inicio se le atribuy\u00f3 fatiga muscular, el club ya confirm\u00f3 que se trata de una lesi\u00f3n que necesita rehabilitaci\u00f3n.<br><\/p>\n\n\n\n<p>Con menos de tres semanas para que se enfrente la selecci\u00f3n de M\u00e9xico contra el seleccionado de Portugal, todo indica que Cristiano Ronaldo, quien estaba contemplado junto a otros destacados futbolistas portugueses, podr\u00eda no competir, y es que estamos a solo tres meses del Mundial 2026.<br><\/p>\n\n\n\n<p>Sin ahondar en detalles, el equipo Al-Nassr emiti\u00f3 un comunicado en el que se confirma la lesi\u00f3n de \u201cEl Bicho\u201d en el \u00faltimo juego del portugu\u00e9s en la Primera Divisi\u00f3n de Arabia Saudita.<br><\/p>\n\n\n\n<p>\u201cA Cristiano Ronaldo le diagnosticaron una lesi\u00f3n en el isquiotibial tras el \u00faltimo partido contra Al Fayha. Comenz\u00f3 un programa de rehabilitaci\u00f3n y ser\u00e1 evaluado d\u00eda a d\u00eda\u201d, explica el conjunto saud\u00ed, sin determinar p\u00fablicamente la gravedad de la lesi\u00f3n.<\/p>\n","protected":false},"excerpt":{"rendered":"<p>-Las selecciones de Brasil y Portugal podr\u00edan perder a dos de sus mejores jugadores. Alarma en la selecci\u00f3n de Brasil, despu\u00e9s de confirmarse la grave lesi\u00f3n que sufri\u00f3 Rodrygo durante el juego entre Real Madrid vs. Getafe de LaLiga. De acuerdo a lo informado, Rodrygo ser\u00e1 baja para el resto de la temporada, adem\u00e1s de [&hellip;]<\/p>\n","protected":false},"author":1,"featured_media":100896,"comment_status":"closed","ping_status":"closed","sticky":false,"template":"","format":"standard","meta":{"footnotes":""},"categories":[38,30],"tags":[],"class_list":["post-100893","post","type-post","status-publish","format-standard","has-post-thumbnail","hentry","category-deportes","category-destacado"],"_links":{"self":[{"href":"https:\/\/elinformante.mx\/index.php?rest_route=\/wp\/v2\/posts\/100893","targetHints":{"allow":["GET"]}}],"collection":[{"href":"https:\/\/elinformante.mx\/index.php?rest_route=\/wp\/v2\/posts"}],"about":[{"href":"https:\/\/elinformante.mx\/index.php?rest_route=\/wp\/v2\/types\/post"}],"author":[{"embeddable":true,"href":"https:\/\/elinformante.mx\/index.php?rest_route=\/wp\/v2\/users\/1"}],"replies":[{"embeddable":true,"href":"https:\/\/elinformante.mx\/index.php?rest_route=%2Fwp%2Fv2%2Fcomments&post=100893"}],"version-history":[{"count":0,"href":"https:\/\/elinformante.mx\/index.php?rest_route=\/wp\/v2\/posts\/100893\/revisions"}],"wp:featuredmedia":[{"embeddable":true,"href":"https:\/\/elinformante.mx\/index.php?rest_route=\/wp\/v2\/media\/100896"}],"wp:attachment":[{"href":"https:\/\/elinformante.mx\/index.php?rest_route=%2Fwp%2Fv2%2Fmedia&parent=100893"}],"wp:term":[{"taxonomy":"category","embeddable":true,"href":"https:\/\/elinformante.mx\/index.php?rest_route=%2Fwp%2Fv2%2Fcategories&post=100893"},{"taxonomy":"post_tag","embeddable":true,"href":"https:\/\/elinformante.mx\/index.php?rest_route=%2Fwp%2Fv2%2Ftags&post=100893"}],"curies":[{"name":"wp","href":"https:\/\/api.w.org\/{rel}","templated":true}]}}