{"id":100904,"date":"2026-03-04T06:01:54","date_gmt":"2026-03-04T12:01:54","guid":{"rendered":"https:\/\/elinformante.mx\/?p=100904"},"modified":"2026-03-04T06:02:00","modified_gmt":"2026-03-04T12:02:00","slug":"naucalpan-fortalece-la-salud-de-las-mujeres-con-jornada-de-mastografias-isaac-montoya","status":"publish","type":"post","link":"https:\/\/elinformante.mx\/?p=100904","title":{"rendered":"Naucalpan fortalece la salud de las mujeres con jornada de mastograf\u00edas: Isaac Montoya"},"content":{"rendered":"\n<figure class=\"wp-block-pullquote\"><blockquote><p>-En el marco del 8M, el Gobierno de Isaac Montoya M\u00e1rquez realiza 60 estudios diarios del 3 al 7 de marzo.<\/p><\/blockquote><\/figure>\n\n\n\n<p class=\"has-drop-cap\">Como parte de las acciones conmemorativas por el D\u00eda Internacional de la Mujer (8M), el Gobierno Municipal encabezado por Isaac Montoya M\u00e1rquez, a trav\u00e9s del Sistema Municipal DIF, puso en marcha la Jornada de Salud \u201cMujer con Bienestar\u201d en la explanada del Palacio Municipal.<br><\/p>\n\n\n\n<p>Desde este 3 y hasta el 7 de marzo, se realizar\u00e1n 60 mastograf\u00edas gratuitas diariamente, iniciando la atenci\u00f3n a partir de las 8:30 horas. El objetivo primordial es combatir el c\u00e1ncer de mama, una de las principales causas de mortalidad femenina en el pa\u00eds, mediante la cultura de la prevenci\u00f3n.<br><\/p>\n\n\n\n<p>Montoya M\u00e1rquez destac\u00f3 que su administraci\u00f3n trabaja para garantizar que la salud sea un derecho accesible para todas y no un privilegio: \u201cLa prevenci\u00f3n y la detecci\u00f3n oportuna salvan vidas. Decidimos hacer lo m\u00e1ximo a favor de las mujeres naucalpenses fortaleciendo los servicios de salud y ampliando la atenci\u00f3n con las caravanas \u2018Impulsando tu Salud\u2019\u201d, se\u00f1al\u00f3.<br><\/p>\n\n\n\n<figure class=\"wp-block-image size-large\"><img fetchpriority=\"high\" decoding=\"async\" width=\"1024\" height=\"506\" src=\"https:\/\/elinformante.mx\/wp-content\/uploads\/2026\/03\/12naucalpan-2-1-1024x506.jpg\" alt=\"\" class=\"wp-image-100909\" srcset=\"https:\/\/elinformante.mx\/wp-content\/uploads\/2026\/03\/12naucalpan-2-1-1024x506.jpg 1024w, https:\/\/elinformante.mx\/wp-content\/uploads\/2026\/03\/12naucalpan-2-1-300x148.jpg 300w, https:\/\/elinformante.mx\/wp-content\/uploads\/2026\/03\/12naucalpan-2-1-768x379.jpg 768w, https:\/\/elinformante.mx\/wp-content\/uploads\/2026\/03\/12naucalpan-2-1.jpg 1140w\" sizes=\"(max-width: 1024px) 100vw, 1024px\" \/><\/figure>\n\n\n\n<p>Adem\u00e1s de las mastograf\u00edas, la estrategia integral de cuidado incluye la aplicaci\u00f3n de vacunas contra sarampi\u00f3n, neumococo y t\u00e9tanos, reforzando el esquema de protecci\u00f3n para la poblaci\u00f3n naucalpense.<br><\/p>\n\n\n\n<p>Montoya M\u00e1rquez reconoci\u00f3 el trabajo comprometido del DIF Municipal y subray\u00f3 que esta jornada es un reconocimiento a la lucha diaria de las mujeres que trabajan, cuidan, estudian y transforman la comunidad: \u201cRumbo al 8M, Naucalpan es con las mujeres. Seguimos construyendo un municipio m\u00e1s justo e igualitario para todas\u201d.<br><\/p>\n\n\n\n<p>El Gobierno Municipal invita a las ciudadanas a acudir temprano a la explanada del Palacio Municipal para asegurar su turno y aprovechar estos servicios gratuitos dise\u00f1ados para proteger su bienestar y futuro.<\/p>\n","protected":false},"excerpt":{"rendered":"<p>-En el marco del 8M, el Gobierno de Isaac Montoya M\u00e1rquez realiza 60 estudios diarios del 3 al 7 de marzo. Como parte de las acciones conmemorativas por el D\u00eda Internacional de la Mujer (8M), el Gobierno Municipal encabezado por Isaac Montoya M\u00e1rquez, a trav\u00e9s del Sistema Municipal DIF, puso en marcha la Jornada de [&hellip;]<\/p>\n","protected":false},"author":1,"featured_media":100908,"comment_status":"closed","ping_status":"closed","sticky":false,"template":"","format":"standard","meta":{"footnotes":""},"categories":[30,36],"tags":[],"class_list":["post-100904","post","type-post","status-publish","format-standard","has-post-thumbnail","hentry","category-destacado","category-edomex"],"_links":{"self":[{"href":"https:\/\/elinformante.mx\/index.php?rest_route=\/wp\/v2\/posts\/100904","targetHints":{"allow":["GET"]}}],"collection":[{"href":"https:\/\/elinformante.mx\/index.php?rest_route=\/wp\/v2\/posts"}],"about":[{"href":"https:\/\/elinformante.mx\/index.php?rest_route=\/wp\/v2\/types\/post"}],"author":[{"embeddable":true,"href":"https:\/\/elinformante.mx\/index.php?rest_route=\/wp\/v2\/users\/1"}],"replies":[{"embeddable":true,"href":"https:\/\/elinformante.mx\/index.php?rest_route=%2Fwp%2Fv2%2Fcomments&post=100904"}],"version-history":[{"count":0,"href":"https:\/\/elinformante.mx\/index.php?rest_route=\/wp\/v2\/posts\/100904\/revisions"}],"wp:featuredmedia":[{"embeddable":true,"href":"https:\/\/elinformante.mx\/index.php?rest_route=\/wp\/v2\/media\/100908"}],"wp:attachment":[{"href":"https:\/\/elinformante.mx\/index.php?rest_route=%2Fwp%2Fv2%2Fmedia&parent=100904"}],"wp:term":[{"taxonomy":"category","embeddable":true,"href":"https:\/\/elinformante.mx\/index.php?rest_route=%2Fwp%2Fv2%2Fcategories&post=100904"},{"taxonomy":"post_tag","embeddable":true,"href":"https:\/\/elinformante.mx\/index.php?rest_route=%2Fwp%2Fv2%2Ftags&post=100904"}],"curies":[{"name":"wp","href":"https:\/\/api.w.org\/{rel}","templated":true}]}}