{"id":100910,"date":"2026-03-04T06:08:16","date_gmt":"2026-03-04T12:08:16","guid":{"rendered":"https:\/\/elinformante.mx\/?p=100910"},"modified":"2026-03-04T06:08:21","modified_gmt":"2026-03-04T12:08:21","slug":"se-rehabilitan-en-toluca-mas-de-2700-senales-viales-ricardo-moreno","status":"publish","type":"post","link":"https:\/\/elinformante.mx\/?p=100910","title":{"rendered":"Se rehabilitan en Toluca m\u00e1s de 2700 se\u00f1ales viales: Ricardo Moreno"},"content":{"rendered":"\n<figure class=\"wp-block-pullquote\"><blockquote><p>-Llama Gobierno municipal a frenar el vandalismo contra el mobiliario urbano<\/p><\/blockquote><\/figure>\n\n\n\n<p class=\"has-drop-cap\">En el \u00faltimo mes y medio, las calles de Toluca experimentaron una transformaci\u00f3n silenciosa pero relevante impulsada por el alcalde Ricardo Moreno, quien prioriza la seguridad vial a trav\u00e9s de la instalaci\u00f3n y rehabilitaci\u00f3n de 2 mil 724 se\u00f1ales viales y 642 nomenclaturas; pero este esfuerzo, ejecutado por las cuadrillas de la Direcci\u00f3n General de Servicios P\u00fablicos, se enfrenta al constante desaf\u00edo del vandalismo.<br><\/p>\n\n\n\n<p>A menudo vemos las se\u00f1ales de tr\u00e1nsito como simples objetos met\u00e1licos, pero en realidad son herramientas de seguridad que salvan vidas; una se\u00f1al de \u201cAlto\u201d grafiteada o una placa de calle desprendida no es solo un acto de rebeld\u00eda, es un riesgo directo para el peat\u00f3n que intenta cruzar y para el automovilista que busca orientaci\u00f3n en diversas colonias, especialmente del centro de Toluca o Ciudad Universitaria.<br><\/p>\n\n\n\n<figure class=\"wp-block-image size-large\"><img fetchpriority=\"high\" decoding=\"async\" width=\"1024\" height=\"506\" src=\"https:\/\/elinformante.mx\/wp-content\/uploads\/2026\/03\/11toluca-1-1024x506.jpg\" alt=\"\" class=\"wp-image-100914\" srcset=\"https:\/\/elinformante.mx\/wp-content\/uploads\/2026\/03\/11toluca-1-1024x506.jpg 1024w, https:\/\/elinformante.mx\/wp-content\/uploads\/2026\/03\/11toluca-1-300x148.jpg 300w, https:\/\/elinformante.mx\/wp-content\/uploads\/2026\/03\/11toluca-1-768x379.jpg 768w, https:\/\/elinformante.mx\/wp-content\/uploads\/2026\/03\/11toluca-1.jpg 1140w\" sizes=\"(max-width: 1024px) 100vw, 1024px\" \/><\/figure>\n\n\n\n<p>Por ello, bajo la visi\u00f3n de Ricardo Moreno de recuperar el espacio p\u00fablico, el personal municipal recorre diariamente las avenidas principales para mantener la infraestructura en \u00f3ptimas condiciones.<br><\/p>\n\n\n\n<p>El Gobierno de Toluca llama a la poblaci\u00f3n a cuidar la se\u00f1al\u00e9tica; preservar este mobiliario es fundamental para avanzar hacia una movilidad responsable, una ciudad m\u00e1s segura para todos, porque la infraestructura urbana es el reflejo de la sociedad que la habita.<\/p>\n","protected":false},"excerpt":{"rendered":"<p>-Llama Gobierno municipal a frenar el vandalismo contra el mobiliario urbano En el \u00faltimo mes y medio, las calles de Toluca experimentaron una transformaci\u00f3n silenciosa pero relevante impulsada por el alcalde Ricardo Moreno, quien prioriza la seguridad vial a trav\u00e9s de la instalaci\u00f3n y rehabilitaci\u00f3n de 2 mil 724 se\u00f1ales viales y 642 nomenclaturas; pero [&hellip;]<\/p>\n","protected":false},"author":1,"featured_media":100913,"comment_status":"closed","ping_status":"closed","sticky":false,"template":"","format":"standard","meta":{"footnotes":""},"categories":[30,36],"tags":[],"class_list":["post-100910","post","type-post","status-publish","format-standard","has-post-thumbnail","hentry","category-destacado","category-edomex"],"_links":{"self":[{"href":"https:\/\/elinformante.mx\/index.php?rest_route=\/wp\/v2\/posts\/100910","targetHints":{"allow":["GET"]}}],"collection":[{"href":"https:\/\/elinformante.mx\/index.php?rest_route=\/wp\/v2\/posts"}],"about":[{"href":"https:\/\/elinformante.mx\/index.php?rest_route=\/wp\/v2\/types\/post"}],"author":[{"embeddable":true,"href":"https:\/\/elinformante.mx\/index.php?rest_route=\/wp\/v2\/users\/1"}],"replies":[{"embeddable":true,"href":"https:\/\/elinformante.mx\/index.php?rest_route=%2Fwp%2Fv2%2Fcomments&post=100910"}],"version-history":[{"count":0,"href":"https:\/\/elinformante.mx\/index.php?rest_route=\/wp\/v2\/posts\/100910\/revisions"}],"wp:featuredmedia":[{"embeddable":true,"href":"https:\/\/elinformante.mx\/index.php?rest_route=\/wp\/v2\/media\/100913"}],"wp:attachment":[{"href":"https:\/\/elinformante.mx\/index.php?rest_route=%2Fwp%2Fv2%2Fmedia&parent=100910"}],"wp:term":[{"taxonomy":"category","embeddable":true,"href":"https:\/\/elinformante.mx\/index.php?rest_route=%2Fwp%2Fv2%2Fcategories&post=100910"},{"taxonomy":"post_tag","embeddable":true,"href":"https:\/\/elinformante.mx\/index.php?rest_route=%2Fwp%2Fv2%2Ftags&post=100910"}],"curies":[{"name":"wp","href":"https:\/\/api.w.org\/{rel}","templated":true}]}}