{"id":100912,"date":"2026-03-04T06:09:56","date_gmt":"2026-03-04T12:09:56","guid":{"rendered":"https:\/\/elinformante.mx\/?p=100912"},"modified":"2026-03-04T06:10:00","modified_gmt":"2026-03-04T12:10:00","slug":"inicia-tribunal-de-disciplina-judicial-evaluacion-de-personas-juzgadoras-en-el-edomex","status":"publish","type":"post","link":"https:\/\/elinformante.mx\/?p=100912","title":{"rendered":"Inicia Tribunal de Disciplina Judicial evaluaci\u00f3n de personas juzgadoras en el Edom\u00e9x"},"content":{"rendered":"\n<figure class=\"wp-block-pullquote\"><blockquote><p>-La Comisi\u00f3n de Evaluaci\u00f3n revisar\u00e1 seis indicadores relacionados con los conocimientos y competencias t\u00e9cnicas.<\/p><\/blockquote><\/figure>\n\n\n\n<p class=\"has-drop-cap\">La Visitadur\u00eda General y la Unidad de Evaluaci\u00f3n del Tribunal de Disciplina Judicial del Poder Judicial del Estado de M\u00e9xico iniciaron este martes las visitas a los \u00f3rganos jurisdiccionales como parte del proceso de evaluaci\u00f3n de las 84 personas juzgadoras electas el pasado 1 de junio.<br><\/p>\n\n\n\n<p>Durante estas visitas se revisar\u00e1n seis indicadores relacionados con los conocimientos y competencias t\u00e9cnicas: la productividad del \u00f3rgano jurisdiccional, la satisfacci\u00f3n de las personas usuarias del servicio de justicia, la adecuada administraci\u00f3n del personal y la conducta judicial, as\u00ed como la profesionalizaci\u00f3n y capacitaci\u00f3n constante de cada persona juzgadora.<br><\/p>\n\n\n\n<figure class=\"wp-block-image size-large\"><img fetchpriority=\"high\" decoding=\"async\" width=\"1024\" height=\"506\" src=\"https:\/\/elinformante.mx\/wp-content\/uploads\/2026\/03\/10inicia-2-1024x506.jpg\" alt=\"\" class=\"wp-image-100917\" srcset=\"https:\/\/elinformante.mx\/wp-content\/uploads\/2026\/03\/10inicia-2-1024x506.jpg 1024w, https:\/\/elinformante.mx\/wp-content\/uploads\/2026\/03\/10inicia-2-300x148.jpg 300w, https:\/\/elinformante.mx\/wp-content\/uploads\/2026\/03\/10inicia-2-768x379.jpg 768w, https:\/\/elinformante.mx\/wp-content\/uploads\/2026\/03\/10inicia-2.jpg 1140w\" sizes=\"(max-width: 1024px) 100vw, 1024px\" \/><\/figure>\n\n\n\n<p>En los pr\u00f3ximos meses, estos rubros ser\u00e1n evaluados de manera objetiva y clara, conforme a los principios de seguridad y certeza jur\u00eddica, sin afectar la independencia judicial ni la autonom\u00eda en la toma de decisiones.<br><\/p>\n\n\n\n<p>La Comisi\u00f3n de Evaluaci\u00f3n, presidida por la Magistrada Karla Ivonne D\u00edaz Iniesta e integrada por la Magistrada Nancy Flores Mendoza y el Magistrado Jes\u00fas \u00c1ngel Cadena Alcal\u00e1, declar\u00f3 formalmente iniciado este proceso, considerado un paso relevante para el fortalecimiento institucional del Poder Judicial del Estado de M\u00e9xico. En esta jornada particip\u00f3 tambi\u00e9n el magistrado Alejandro G\u00f3mez S\u00e1nchez.<\/p>\n","protected":false},"excerpt":{"rendered":"<p>-La Comisi\u00f3n de Evaluaci\u00f3n revisar\u00e1 seis indicadores relacionados con los conocimientos y competencias t\u00e9cnicas. La Visitadur\u00eda General y la Unidad de Evaluaci\u00f3n del Tribunal de Disciplina Judicial del Poder Judicial del Estado de M\u00e9xico iniciaron este martes las visitas a los \u00f3rganos jurisdiccionales como parte del proceso de evaluaci\u00f3n de las 84 personas juzgadoras electas [&hellip;]<\/p>\n","protected":false},"author":1,"featured_media":100916,"comment_status":"closed","ping_status":"closed","sticky":false,"template":"","format":"standard","meta":{"footnotes":""},"categories":[36],"tags":[],"class_list":["post-100912","post","type-post","status-publish","format-standard","has-post-thumbnail","hentry","category-edomex"],"_links":{"self":[{"href":"https:\/\/elinformante.mx\/index.php?rest_route=\/wp\/v2\/posts\/100912","targetHints":{"allow":["GET"]}}],"collection":[{"href":"https:\/\/elinformante.mx\/index.php?rest_route=\/wp\/v2\/posts"}],"about":[{"href":"https:\/\/elinformante.mx\/index.php?rest_route=\/wp\/v2\/types\/post"}],"author":[{"embeddable":true,"href":"https:\/\/elinformante.mx\/index.php?rest_route=\/wp\/v2\/users\/1"}],"replies":[{"embeddable":true,"href":"https:\/\/elinformante.mx\/index.php?rest_route=%2Fwp%2Fv2%2Fcomments&post=100912"}],"version-history":[{"count":0,"href":"https:\/\/elinformante.mx\/index.php?rest_route=\/wp\/v2\/posts\/100912\/revisions"}],"wp:featuredmedia":[{"embeddable":true,"href":"https:\/\/elinformante.mx\/index.php?rest_route=\/wp\/v2\/media\/100916"}],"wp:attachment":[{"href":"https:\/\/elinformante.mx\/index.php?rest_route=%2Fwp%2Fv2%2Fmedia&parent=100912"}],"wp:term":[{"taxonomy":"category","embeddable":true,"href":"https:\/\/elinformante.mx\/index.php?rest_route=%2Fwp%2Fv2%2Fcategories&post=100912"},{"taxonomy":"post_tag","embeddable":true,"href":"https:\/\/elinformante.mx\/index.php?rest_route=%2Fwp%2Fv2%2Ftags&post=100912"}],"curies":[{"name":"wp","href":"https:\/\/api.w.org\/{rel}","templated":true}]}}