{"id":100915,"date":"2026-03-04T06:11:58","date_gmt":"2026-03-04T12:11:58","guid":{"rendered":"https:\/\/elinformante.mx\/?p=100915"},"modified":"2026-03-04T06:12:03","modified_gmt":"2026-03-04T12:12:03","slug":"promueven-salud-fisica-y-emocional-de-juventudes-universitarias-mexiquenses","status":"publish","type":"post","link":"https:\/\/elinformante.mx\/?p=100915","title":{"rendered":"Promueven salud f\u00edsica y emocional de juventudes universitarias mexiquenses"},"content":{"rendered":"\n<figure class=\"wp-block-pullquote\"><blockquote><p>-Investigadores de la UAEM\u00e9x y el ISCEEM desarrollan un programa integral de autocuidado para mejorar el rendimiento acad\u00e9mico y la calidad de vida estudiantil.<\/p><\/blockquote><\/figure>\n\n\n\n<p class=\"has-drop-cap\">Con el prop\u00f3sito de fortalecer el autocuidado f\u00edsico y psicol\u00f3gico entre estudiantes de nivel superior, un equipo interdisciplinario de la Universidad Aut\u00f3noma del Estado de M\u00e9xico (UAEM\u00e9x) y el Instituto Superior de Ciencias de la Educaci\u00f3n del Estado de M\u00e9xico (ISCEEM) desarrolla el proyecto \u201cDise\u00f1ar y evaluar programas de promoci\u00f3n de la salud integral a partir del autocuidado f\u00edsico y psicol\u00f3gico y el perfil sociodemogr\u00e1fico de j\u00f3venes del nivel superior del Estado de M\u00e9xico\u201d.<br><\/p>\n\n\n\n<p>La iniciativa busca dise\u00f1ar, aplicar y evaluar programas de autocuidado dirigidos a estudiantes de la Facultad de Ciencias de la Conducta y de la Escuela Normal de Educaci\u00f3n F\u00edsica, con el fin de incidir en su bienestar integral y calidad de vida.<br><\/p>\n\n\n\n<p>La profesora e investigadora Patricia Balc\u00e1zar Nava, representante del equipo de trabajo, explic\u00f3 que el proyecto parte de un diagn\u00f3stico del perfil sociodemogr\u00e1fico y las necesidades espec\u00edficas de la poblaci\u00f3n estudiantil, lo que permitir\u00e1 generar estrategias focalizadas y con mayor impacto.<br><\/p>\n\n\n\n<p>El equipo est\u00e1 conformado por las acad\u00e9micas de la UAEM\u00e9x Alejandra Moys\u00e9n Chimal, Martha Cecilia Villaveces L\u00f3pez y la becaria posdoctoral Mar\u00eda de Jes\u00fas Serrano Plata, as\u00ed como por el investigador del ISCEEM, Eduardo P\u00e9rez Archundia, quien detall\u00f3 que la investigaci\u00f3n se desarrolla en tres fases: el dise\u00f1o de los programas, su implementaci\u00f3n y la evaluaci\u00f3n de resultados.<br><\/p>\n\n\n\n<p>La propuesta cuenta con financiamiento por tres a\u00f1os de la Secretar\u00eda de Ciencia, Humanidades, Tecnolog\u00eda e Innovaci\u00f3n (SECIHTI) del Gobierno de M\u00e9xico, lo que garantiza la continuidad del estudio y la posibilidad de medir su impacto a mediano plazo.<br><\/p>\n\n\n\n<p>El proyecto aborda aspectos clave como actividad f\u00edsica, alimentaci\u00f3n, manejo del estr\u00e9s, salud mental y calidad de vida. En este sentido, Moys\u00e9n Chimal destac\u00f3 que la iniciativa se alinea con la Organizaci\u00f3n de las Naciones Unidas (ONU), particularmente con los Objetivos de Desarrollo Sostenible relacionados con el bienestar y la salud integral.<br><\/p>\n\n\n\n<p>Villaveces L\u00f3pez se\u00f1al\u00f3 que la investigaci\u00f3n responde a la creciente preocupaci\u00f3n por la salud de las juventudes, quienes enfrentan m\u00faltiples desaf\u00edos f\u00edsicos y emocionales en el contexto actual. Por su parte, Serrano Plata enfatiz\u00f3 la importancia de impulsar el autocuidado como una estrategia preventiva y no farmacol\u00f3gica.<br><\/p>\n\n\n\n<p>Entre los productos contemplados se encuentran materiales informativos, como infograf\u00edas con recomendaciones pr\u00e1cticas, cuyos resultados podr\u00edan servir de base para futuras pol\u00edticas p\u00fablicas en materia de salud juvenil y educaci\u00f3n.<br><\/p>\n\n\n\n<p>Finalmente, el equipo investigador hizo un llamado a la comunidad universitaria a involucrarse en proyectos de investigaci\u00f3n social y human\u00edstica, al considerar que estos permiten comprender y atender los desaf\u00edos reales que enfrentan las juventudes.<\/p>\n","protected":false},"excerpt":{"rendered":"<p>-Investigadores de la UAEM\u00e9x y el ISCEEM desarrollan un programa integral de autocuidado para mejorar el rendimiento acad\u00e9mico y la calidad de vida estudiantil. Con el prop\u00f3sito de fortalecer el autocuidado f\u00edsico y psicol\u00f3gico entre estudiantes de nivel superior, un equipo interdisciplinario de la Universidad Aut\u00f3noma del Estado de M\u00e9xico (UAEM\u00e9x) y el Instituto Superior [&hellip;]<\/p>\n","protected":false},"author":1,"featured_media":100919,"comment_status":"closed","ping_status":"closed","sticky":false,"template":"","format":"standard","meta":{"footnotes":""},"categories":[30,36],"tags":[],"class_list":["post-100915","post","type-post","status-publish","format-standard","has-post-thumbnail","hentry","category-destacado","category-edomex"],"_links":{"self":[{"href":"https:\/\/elinformante.mx\/index.php?rest_route=\/wp\/v2\/posts\/100915","targetHints":{"allow":["GET"]}}],"collection":[{"href":"https:\/\/elinformante.mx\/index.php?rest_route=\/wp\/v2\/posts"}],"about":[{"href":"https:\/\/elinformante.mx\/index.php?rest_route=\/wp\/v2\/types\/post"}],"author":[{"embeddable":true,"href":"https:\/\/elinformante.mx\/index.php?rest_route=\/wp\/v2\/users\/1"}],"replies":[{"embeddable":true,"href":"https:\/\/elinformante.mx\/index.php?rest_route=%2Fwp%2Fv2%2Fcomments&post=100915"}],"version-history":[{"count":0,"href":"https:\/\/elinformante.mx\/index.php?rest_route=\/wp\/v2\/posts\/100915\/revisions"}],"wp:featuredmedia":[{"embeddable":true,"href":"https:\/\/elinformante.mx\/index.php?rest_route=\/wp\/v2\/media\/100919"}],"wp:attachment":[{"href":"https:\/\/elinformante.mx\/index.php?rest_route=%2Fwp%2Fv2%2Fmedia&parent=100915"}],"wp:term":[{"taxonomy":"category","embeddable":true,"href":"https:\/\/elinformante.mx\/index.php?rest_route=%2Fwp%2Fv2%2Fcategories&post=100915"},{"taxonomy":"post_tag","embeddable":true,"href":"https:\/\/elinformante.mx\/index.php?rest_route=%2Fwp%2Fv2%2Ftags&post=100915"}],"curies":[{"name":"wp","href":"https:\/\/api.w.org\/{rel}","templated":true}]}}