{"id":100920,"date":"2026-03-04T06:20:36","date_gmt":"2026-03-04T12:20:36","guid":{"rendered":"https:\/\/elinformante.mx\/?p=100920"},"modified":"2026-03-04T06:20:41","modified_gmt":"2026-03-04T12:20:41","slug":"gem-confia-en-el-desarrollo-de-la-industria-aeronautica-en-edomex-horacio-duarte","status":"publish","type":"post","link":"https:\/\/elinformante.mx\/?p=100920","title":{"rendered":"GEM conf\u00eda en el desarrollo de la industria aeron\u00e1utica en Edom\u00e9x: Horacio Duarte"},"content":{"rendered":"\n<figure class=\"wp-block-pullquote\"><blockquote><p>-Encabez\u00f3 el inicio de la Aero Expo 2026 en el Aeropuerto Internacional de Toluca, importante encuentro de la industria a\u00e9rea en M\u00e9xico y Latinoam\u00e9rica.<\/p><\/blockquote><\/figure>\n\n\n\n<p class=\"has-drop-cap\">Gracias a la estrategia econ\u00f3mica que ha implementado la maestra Delfina G\u00f3mez \u00c1lvarez, el Estado de M\u00e9xico se posiciona como una de las entidades con mayor confianza para los negocios dedicados a la industria aeron\u00e1utica.<br><\/p>\n\n\n\n<p>\u201cEs un orgullo para nuestro estado, para nuestra capital, que nuevamente seamos receptores de este esfuerzo, de comunicaci\u00f3n, de crecimiento y sobre todo de confianza para los negocios en esta materia tan importante para el pa\u00eds y para el mundo\u201d, se\u00f1al\u00f3 Horacio Duarte Olivares, Secretario General de Gobierno, durante la inauguraci\u00f3n de la 20.\u00aa Exposici\u00f3n y Convenci\u00f3n Internacional de Aviaci\u00f3n Aero Expo 2026.<br><\/p>\n\n\n\n<p>El evento, celebrado del 3 al 5 de marzo en el Aeropuerto Internacional de Toluca (AIT), es considerado el encuentro m\u00e1s importante de la industria a\u00e9rea en M\u00e9xico y Latinoam\u00e9rica; re\u00fane a m\u00e1s de 100 empresas y organizaciones con la exhibici\u00f3n de alrededor de 25 aeronaves, as\u00ed como drones y veh\u00edculos especializados.<br><\/p>\n\n\n\n<figure class=\"wp-block-image size-large\"><img fetchpriority=\"high\" decoding=\"async\" width=\"1024\" height=\"506\" src=\"https:\/\/elinformante.mx\/wp-content\/uploads\/2026\/03\/7gem-1024x506.jpg\" alt=\"\" class=\"wp-image-100924\" srcset=\"https:\/\/elinformante.mx\/wp-content\/uploads\/2026\/03\/7gem-1024x506.jpg 1024w, https:\/\/elinformante.mx\/wp-content\/uploads\/2026\/03\/7gem-300x148.jpg 300w, https:\/\/elinformante.mx\/wp-content\/uploads\/2026\/03\/7gem-768x379.jpg 768w, https:\/\/elinformante.mx\/wp-content\/uploads\/2026\/03\/7gem.jpg 1140w\" sizes=\"(max-width: 1024px) 100vw, 1024px\" \/><\/figure>\n\n\n\n<p>\u201cCon este evento se mantiene esta tendencia que tiene el Estado de M\u00e9xico de empleos, ser anfitriones para conectar negocios para que as\u00ed el Estado de M\u00e9xico siga siendo una de las entidades de mayor pujanza econ\u00f3mica en nuestro pa\u00eds\u201d, sostuvo Horacio Duarte Olivares, Secretario General de Gobierno.<br><\/p>\n\n\n\n<p>Adem\u00e1s, detall\u00f3 que con acciones como la rehabilitaci\u00f3n de vialidades que conectan el Aeropuerto Internacional de Toluca, el Gobierno del Estado de M\u00e9xico se est\u00e1 preparando para la recepci\u00f3n de visitantes con motivo de la Copa Mundial de la FIFA 2026.<br><\/p>\n\n\n\n<p>Por su parte, el General Piloto Aviador V\u00edctor Islas D\u00edaz, Director Ejecutivo de Aviaci\u00f3n de la Agencia Federal de Aviaci\u00f3n Civil (AFAC), record\u00f3 que en M\u00e9xico se est\u00e1 fortaleciendo, modernizando y profesionalizando la aviaci\u00f3n civil gracias a la colaboraci\u00f3n entre los gobiernos y la industria.<br><\/p>\n\n\n\n<p>Al evento tambi\u00e9n asisti\u00f3 Laura Gonz\u00e1lez Hern\u00e1ndez, Secretaria de Desarrollo Econ\u00f3mico del Estado de M\u00e9xico; el General Disrael\u00ed G\u00f3mez Herrera, Director de la Feria Aeroespacial M\u00e9xico; y representantes de la aviaci\u00f3n civil en M\u00e9xico.<\/p>\n","protected":false},"excerpt":{"rendered":"<p>-Encabez\u00f3 el inicio de la Aero Expo 2026 en el Aeropuerto Internacional de Toluca, importante encuentro de la industria a\u00e9rea en M\u00e9xico y Latinoam\u00e9rica. Gracias a la estrategia econ\u00f3mica que ha implementado la maestra Delfina G\u00f3mez \u00c1lvarez, el Estado de M\u00e9xico se posiciona como una de las entidades con mayor confianza para los negocios dedicados [&hellip;]<\/p>\n","protected":false},"author":1,"featured_media":100923,"comment_status":"closed","ping_status":"closed","sticky":false,"template":"","format":"standard","meta":{"footnotes":""},"categories":[30,36],"tags":[],"class_list":["post-100920","post","type-post","status-publish","format-standard","has-post-thumbnail","hentry","category-destacado","category-edomex"],"_links":{"self":[{"href":"https:\/\/elinformante.mx\/index.php?rest_route=\/wp\/v2\/posts\/100920","targetHints":{"allow":["GET"]}}],"collection":[{"href":"https:\/\/elinformante.mx\/index.php?rest_route=\/wp\/v2\/posts"}],"about":[{"href":"https:\/\/elinformante.mx\/index.php?rest_route=\/wp\/v2\/types\/post"}],"author":[{"embeddable":true,"href":"https:\/\/elinformante.mx\/index.php?rest_route=\/wp\/v2\/users\/1"}],"replies":[{"embeddable":true,"href":"https:\/\/elinformante.mx\/index.php?rest_route=%2Fwp%2Fv2%2Fcomments&post=100920"}],"version-history":[{"count":0,"href":"https:\/\/elinformante.mx\/index.php?rest_route=\/wp\/v2\/posts\/100920\/revisions"}],"wp:featuredmedia":[{"embeddable":true,"href":"https:\/\/elinformante.mx\/index.php?rest_route=\/wp\/v2\/media\/100923"}],"wp:attachment":[{"href":"https:\/\/elinformante.mx\/index.php?rest_route=%2Fwp%2Fv2%2Fmedia&parent=100920"}],"wp:term":[{"taxonomy":"category","embeddable":true,"href":"https:\/\/elinformante.mx\/index.php?rest_route=%2Fwp%2Fv2%2Fcategories&post=100920"},{"taxonomy":"post_tag","embeddable":true,"href":"https:\/\/elinformante.mx\/index.php?rest_route=%2Fwp%2Fv2%2Ftags&post=100920"}],"curies":[{"name":"wp","href":"https:\/\/api.w.org\/{rel}","templated":true}]}}