{"id":100925,"date":"2026-03-04T06:40:46","date_gmt":"2026-03-04T12:40:46","guid":{"rendered":"https:\/\/elinformante.mx\/?p=100925"},"modified":"2026-03-04T06:40:52","modified_gmt":"2026-03-04T12:40:52","slug":"liderazgo-femenino-clave-para-la-transformacion-de-la-uaemex-paty-zarza","status":"publish","type":"post","link":"https:\/\/elinformante.mx\/?p=100925","title":{"rendered":"Liderazgo femenino clave para la transformaci\u00f3n de la UAEM\u00e9x: Paty Zarza"},"content":{"rendered":"\n<figure class=\"wp-block-pullquote\"><blockquote><p>-La rectora hizo un llamado a dejar de lado inercias y pr\u00e1cticas anquilosadas para avanzar hacia una universidad cercana, incluyente y progresista.<\/p><\/blockquote><\/figure>\n\n\n\n<p class=\"has-drop-cap\">En el marco del Primer Informe Anual de Actividades de la Administraci\u00f3n Universitaria 2025-2029, que se llev\u00f3 a cabo en el Aula Magna \u201cLic. Adolfo L\u00f3pez Mateos\u201d del Edificio de Rector\u00eda, la rectora Martha Patricia Zarza Delgado destac\u00f3 que su administraci\u00f3n surge de un proceso democr\u00e1tico in\u00e9dito, en el que por primera vez participaron los tres sectores de la comunidad universitaria en la elecci\u00f3n de la titular de la Rector\u00eda.<br><\/p>\n\n\n\n<p>Zarza Delgado se\u00f1al\u00f3 que este hecho marca el inicio de una transformaci\u00f3n universitaria basada en el di\u00e1logo, la cercan\u00eda y la inclusi\u00f3n, principios que orientan el redise\u00f1o institucional y el fortalecimiento de la vida universitaria.<br><\/p>\n\n\n\n<p>Subray\u00f3 que, en un contexto de retos institucionales, se han impulsado cambios de fondo como la reestructuraci\u00f3n de la administraci\u00f3n central, la compactaci\u00f3n de \u00e1reas y la creaci\u00f3n de nuevas instancias que responden a las necesidades actuales, garantizando una gesti\u00f3n m\u00e1s eficiente, transparente y responsable en el ejercicio de los recursos.<br><\/p>\n\n\n\n<p>Destac\u00f3 que encabezar la universidad como la primera mujer rectora implica un doble compromiso: responder a la confianza de la comunidad y demostrar que el liderazgo femenino aporta nuevas formas de gobernanza, basadas en la inclusi\u00f3n, la sensibilidad social y la construcci\u00f3n colectiva.<br><\/p>\n\n\n\n<p>\u201cEn momentos donde las mujeres asumimos roles de liderazgo hist\u00f3ricamente negados, debemos hacerlo con un prop\u00f3sito claro: inclusi\u00f3n, cercan\u00eda y transformaci\u00f3n. Esta es una universidad que evoluciona sin perder su esencia y que fortalece su vocaci\u00f3n de servicio hacia la sociedad mexiquense\u201d, puntualiz\u00f3.<br><\/p>\n\n\n\n<figure class=\"wp-block-image size-large\"><img fetchpriority=\"high\" decoding=\"async\" width=\"1024\" height=\"506\" src=\"https:\/\/elinformante.mx\/wp-content\/uploads\/2026\/03\/8uaemex-4-1024x506.jpg\" alt=\"\" class=\"wp-image-100929\" srcset=\"https:\/\/elinformante.mx\/wp-content\/uploads\/2026\/03\/8uaemex-4-1024x506.jpg 1024w, https:\/\/elinformante.mx\/wp-content\/uploads\/2026\/03\/8uaemex-4-300x148.jpg 300w, https:\/\/elinformante.mx\/wp-content\/uploads\/2026\/03\/8uaemex-4-768x379.jpg 768w, https:\/\/elinformante.mx\/wp-content\/uploads\/2026\/03\/8uaemex-4.jpg 1140w\" sizes=\"(max-width: 1024px) 100vw, 1024px\" \/><\/figure>\n\n\n\n<p>Zarza Delgado inform\u00f3 sobre la reducci\u00f3n de m\u00e1s de 30% en cuotas de inscripci\u00f3n en el \u00faltimo a\u00f1o y medio, la aplicaci\u00f3n de un descuento adicional de 12% en el semestre en curso y la entrega gratuita, por primera vez, de libros de apoyo y antolog\u00edas en nivel medio superior.<br><\/p>\n\n\n\n<p>Asimismo, mencion\u00f3 que sobre la reforma integral al Reglamento de Becas Universitarias, el incremento proyectado de apoyos: de 41 mil en 2025 a cerca de 120 mil en 2026 y la creaci\u00f3n de nuevas becas: transporte, alimentaci\u00f3n, retribuci\u00f3n social y para impulsar la participaci\u00f3n de mujeres en \u00e1reas STEAM.<br><\/p>\n\n\n\n<p>Sobre la Reforma a la Legislaci\u00f3n Universitaria, indic\u00f3 que se realizaron los foros de consulta con m\u00e1s de 1,300 propuestas de la comunidad universitaria y se integr\u00f3 un Consejo Consultivo para la Reforma de la Ley Universitaria.<br><\/p>\n\n\n\n<p>Puntualiz\u00f3 que los ejes claves de esta reforma son: Representaci\u00f3n de toda la comunidad universitaria en el Consejo Universitario, Fortalecimiento acad\u00e9mico con nuevas modalidades y uso de tecnolog\u00eda y Enfoque en retribuci\u00f3n social y responsabilidad p\u00fablica de la Universidad.<br><\/p>\n\n\n\n<p>En cuanto al tema de la Ciencia, la rectora destac\u00f3 el impulso del modelo de ciencia abierta: acceso universal, inclusi\u00f3n y sostenibilidad del conocimiento, la alineaci\u00f3n con pol\u00edticas nacionales en ciencia, humanidades, tecnolog\u00eda e innovaci\u00f3n y la firma de acuerdos internacionales como la Declaraci\u00f3n de San Francisco y la de Helsinki sobre multiling\u00fcismo cient\u00edfico, adem\u00e1s del desarrollo de una Agenda Estrat\u00e9gica de Investigaci\u00f3n enfocada en problem\u00e1ticas sociales y el fortalecimiento de laboratorios, cooperaci\u00f3n interinstitucional y evaluaci\u00f3n cient\u00edfica con enfoque en justicia social.<br><\/p>\n\n\n\n<p>La gobernadora del Estado de M\u00e9xico, Delfina G\u00f3mez \u00c1lvarez, acompa\u00f1o a la Rectora en la rendici\u00f3n de su Primer Informe de Actividades, destacando su visi\u00f3n universitaria centrada en la inclusi\u00f3n, la diversidad y la cercan\u00eda con las realidades sociales.<br><\/p>\n\n\n\n<figure class=\"wp-block-image size-large\"><img decoding=\"async\" width=\"1024\" height=\"506\" src=\"https:\/\/elinformante.mx\/wp-content\/uploads\/2026\/03\/8uaemex-5-1024x506.jpg\" alt=\"\" class=\"wp-image-100930\" srcset=\"https:\/\/elinformante.mx\/wp-content\/uploads\/2026\/03\/8uaemex-5-1024x506.jpg 1024w, https:\/\/elinformante.mx\/wp-content\/uploads\/2026\/03\/8uaemex-5-300x148.jpg 300w, https:\/\/elinformante.mx\/wp-content\/uploads\/2026\/03\/8uaemex-5-768x379.jpg 768w, https:\/\/elinformante.mx\/wp-content\/uploads\/2026\/03\/8uaemex-5.jpg 1140w\" sizes=\"(max-width: 1024px) 100vw, 1024px\" \/><\/figure>\n\n\n\n<p>\u201cEs alentador el compromiso de la primera rectora de la Universidad Aut\u00f3noma del Estado de M\u00e9xico (UAEM\u00e9x), Martha Patricia Zarza Delgado, con el acceso equitativo a la educaci\u00f3n y la generaci\u00f3n de conocimiento \u00fatil para la sociedad, afirm\u00f3 la jefa del ejecutivo mexiquense\u201d, reconoci\u00f3 la mandataria estatal.<br><\/p>\n\n\n\n<p>G\u00f3mez \u00c1lvarez record\u00f3 que la historia de la M\u00e1xima Casa de Estudios mexiquense est\u00e1 estrechamente ligada al desarrollo de la entidad, y que hoy las mujeres ocupan un papel protag\u00f3nico en la investigaci\u00f3n, la docencia, las tareas acad\u00e9micas y el servicio p\u00fablico, consolidando una universidad m\u00e1s abierta, plural y representativa.<br><\/p>\n\n\n\n<p>Enfatiz\u00f3 que la dignificaci\u00f3n del personal acad\u00e9mico y administrativo, as\u00ed como una gesti\u00f3n universitaria orientada al servicio de la comunidad, son pilares fundamentales para avanzar en la justicia y la equidad social.<br><\/p>\n\n\n\n<p>Reiter\u00f3 el respaldo y la colaboraci\u00f3n institucional del gobierno estatal con la UAEM\u00e9x, mediante acciones conjuntas como la Megajornada de Vacunaci\u00f3n, ferias ambientales, la participaci\u00f3n en la Expo Agroalimentaria Internacional, el fortalecimiento de espacios acad\u00e9micos y la mejora de la infraestructura universitaria, siempre bajo un enfoque de beneficio social y uso responsable de los recursos p\u00fablicos.<br><\/p>\n\n\n\n<p>En el marco de este acto de transparencia y rendici\u00f3n de cuentas, la gobernadora Delfina G\u00f3mez \u00c1lvarez y la rectora Martha Patricia Zarza Delgado inauguraron la exposici\u00f3n \u201cProcesos\u201d, en la Galer\u00eda Universitaria \u201cFernando Cano\u201d, que permanecer\u00e1 abierta al p\u00fablico hasta el pr\u00f3ximo 30 de junio.<br><\/p>\n\n\n\n<p>Al Primer Informe Anual de Actividades de la Administraci\u00f3n Universitaria 2025-2029 asistieron el secretario estatal de Educaci\u00f3n, Ciencia, Tecnolog\u00eda e Innovaci\u00f3n, Miguel \u00c1ngel Hern\u00e1ndez Espejel; el presidente del Tribunal Superior de Justicia y del Poder Judicial del Estado de M\u00e9xico, H\u00e9ctor Macedo Garc\u00eda; el presidente de la Junta de Coordinaci\u00f3n Pol\u00edtica de la Legislatura Local, Jos\u00e9 Francisco V\u00e1zquez Rodr\u00edguez; la presidenta de la Mesa Directiva de la Sexag\u00e9sima Segunda Legislatura del Congreso Mexiquense, Martha Azucena Camacho Reynoso; la consejera presidenta del Instituto Electoral del Estado de M\u00e9xico, Amalia Pulido G\u00f3mez; la directora general del Centro Nacional de Evaluaci\u00f3n para la Educaci\u00f3n Superior, Carmen Enedina Rodr\u00edguez Armenta; presidentas y presidentes municipales, ex rectores, as\u00ed como integrantes del H. Consejo Universitario.<\/p>\n\n\n\n<figure class=\"wp-block-image size-large\"><img decoding=\"async\" width=\"1024\" height=\"506\" src=\"https:\/\/elinformante.mx\/wp-content\/uploads\/2026\/03\/8uaemex-1024x506.jpg\" alt=\"\" class=\"wp-image-100931\" srcset=\"https:\/\/elinformante.mx\/wp-content\/uploads\/2026\/03\/8uaemex-1024x506.jpg 1024w, https:\/\/elinformante.mx\/wp-content\/uploads\/2026\/03\/8uaemex-300x148.jpg 300w, https:\/\/elinformante.mx\/wp-content\/uploads\/2026\/03\/8uaemex-768x379.jpg 768w, https:\/\/elinformante.mx\/wp-content\/uploads\/2026\/03\/8uaemex.jpg 1140w\" sizes=\"(max-width: 1024px) 100vw, 1024px\" \/><\/figure>\n","protected":false},"excerpt":{"rendered":"<p>-La rectora hizo un llamado a dejar de lado inercias y pr\u00e1cticas anquilosadas para avanzar hacia una universidad cercana, incluyente y progresista. En el marco del Primer Informe Anual de Actividades de la Administraci\u00f3n Universitaria 2025-2029, que se llev\u00f3 a cabo en el Aula Magna \u201cLic. Adolfo L\u00f3pez Mateos\u201d del Edificio de Rector\u00eda, la rectora [&hellip;]<\/p>\n","protected":false},"author":1,"featured_media":100928,"comment_status":"closed","ping_status":"closed","sticky":false,"template":"","format":"standard","meta":{"footnotes":""},"categories":[30,36,31],"tags":[46],"class_list":["post-100925","post","type-post","status-publish","format-standard","has-post-thumbnail","hentry","category-destacado","category-edomex","category-portada","tag-portadaedomex"],"_links":{"self":[{"href":"https:\/\/elinformante.mx\/index.php?rest_route=\/wp\/v2\/posts\/100925","targetHints":{"allow":["GET"]}}],"collection":[{"href":"https:\/\/elinformante.mx\/index.php?rest_route=\/wp\/v2\/posts"}],"about":[{"href":"https:\/\/elinformante.mx\/index.php?rest_route=\/wp\/v2\/types\/post"}],"author":[{"embeddable":true,"href":"https:\/\/elinformante.mx\/index.php?rest_route=\/wp\/v2\/users\/1"}],"replies":[{"embeddable":true,"href":"https:\/\/elinformante.mx\/index.php?rest_route=%2Fwp%2Fv2%2Fcomments&post=100925"}],"version-history":[{"count":0,"href":"https:\/\/elinformante.mx\/index.php?rest_route=\/wp\/v2\/posts\/100925\/revisions"}],"wp:featuredmedia":[{"embeddable":true,"href":"https:\/\/elinformante.mx\/index.php?rest_route=\/wp\/v2\/media\/100928"}],"wp:attachment":[{"href":"https:\/\/elinformante.mx\/index.php?rest_route=%2Fwp%2Fv2%2Fmedia&parent=100925"}],"wp:term":[{"taxonomy":"category","embeddable":true,"href":"https:\/\/elinformante.mx\/index.php?rest_route=%2Fwp%2Fv2%2Fcategories&post=100925"},{"taxonomy":"post_tag","embeddable":true,"href":"https:\/\/elinformante.mx\/index.php?rest_route=%2Fwp%2Fv2%2Ftags&post=100925"}],"curies":[{"name":"wp","href":"https:\/\/api.w.org\/{rel}","templated":true}]}}