{"id":100927,"date":"2026-03-04T06:49:41","date_gmt":"2026-03-04T12:49:41","guid":{"rendered":"https:\/\/elinformante.mx\/?p=100927"},"modified":"2026-03-04T06:50:15","modified_gmt":"2026-03-04T12:50:15","slug":"firman-convenio-tribunal-de-justicia-administrativa-y-alcaldia-coyoacan","status":"publish","type":"post","link":"https:\/\/elinformante.mx\/?p=100927","title":{"rendered":"Firman convenio Tribunal de Justicia Administrativa y Alcald\u00eda Coyoac\u00e1n"},"content":{"rendered":"\n<figure class=\"wp-block-pullquote\"><blockquote><p>-El alcalde Giovani Guti\u00e9rrez Aguilar destac\u00f3 que la justicia debe ejercerse con sentido humano, valores y principios.<\/p><\/blockquote><\/figure>\n\n\n\n<p class=\"has-drop-cap\">Acercar la justicia, pero hacerla en un proceso humano, con \u00e9tica y principios, es el objetivo de un convenio que firmaron el Tribunal de Justicia Administrativa de la CDMX y la alcald\u00eda Coyoac\u00e1n a trav\u00e9s de sus titulares, el magistrado presidente, Andr\u00e9s Aguilera Mart\u00ednez, y Giovani Guti\u00e9rrez Aguilar, titular de la demarcaci\u00f3n.<br><\/p>\n\n\n\n<p>La firma de este convenio tuvo como marco el foro \u201cHugo Arg\u00fcelles\u201d en la alcald\u00eda Coyoac\u00e1n, en donde se dieron cita por primera vez, adem\u00e1s del magistrado presidente, los 11 integrantes de la Sala Superior, adem\u00e1s de los 15 magistrados que componen las salas ordinarias.<br><\/p>\n\n\n\n<p>Con este convenio se busca optimizar recursos y compartir capacidades t\u00e9cnicas para que la justicia administrativa sea una realidad cotidiana y no una posibilidad lejana para los habitantes de la demarcaci\u00f3n, coincidieron Andr\u00e9s Aguilera y Giovani Guti\u00e9rrez, siempre en un marco de transparencia, legalidad y buen gobierno.<br><\/p>\n\n\n\n<p>El magistrado presidente, Andr\u00e9s Aguilera Mart\u00ednez, enfatiz\u00f3: \u201cAcercar la justicia administrativa al pueblo significa derribar barreras. Significa que una persona no tenga que recorrer grandes distancias, enfrentar tr\u00e1mites incomprensibles o sentir que el sistema est\u00e1 dise\u00f1ado solo para expertos. Significa traducir el lenguaje jur\u00eddico en soluciones reales. Significa presencia institucional en el territorio\u201d.<br><\/p>\n\n\n\n<p>A su vez el alcalde Giovani Guti\u00e9rrez indic\u00f3: \u201cYo quisiera hablar de la justicia desde el punto de vista humano, no podemos ser justos sin antes no tener educaci\u00f3n, valores y principios y eso hace que nosotros podamos distinguir entre el bien y el mal; como servidores p\u00fablicos, en el quehacer administrativo en esta gran estructura que fuimos beneficiados del voto y la confianza de los ciudadanos, no podemos faltarles al respeto\u201d.<br><\/p>\n\n\n\n<p>Ambos representantes indicaron que este convenio, como instrumento novedoso de trabajo en coordinaci\u00f3n y apoyo, es un paso firme hacia una administraci\u00f3n p\u00fablica m\u00e1s humana, m\u00e1s cercana, pues son instrumentos de coordinaci\u00f3n que permiten compartir capacidades, optimizar recursos, capacitar a servidores p\u00fablicos, generar orientaci\u00f3n jur\u00eddica oportuna, y construir canales reales de atenci\u00f3n directa para la ciudadan\u00eda.<br><\/p>\n\n\n\n<p>Entre las acciones que comprende este convenio se encuentran, adem\u00e1s, presencia en la \u00abRuta Violeta\u00bb para el Tribunal participe con stands de difusi\u00f3n sobre tr\u00e1mites y servicios; jornadas de estudio y capacitaci\u00f3n conjunta para el personal de ambas instituciones; generaci\u00f3n de canales de atenci\u00f3n directa y distribuci\u00f3n de publicaciones para que los ciudadanos conozcan sus derechos y c\u00f3mo defenderlos.<\/p>\n","protected":false},"excerpt":{"rendered":"<p>-El alcalde Giovani Guti\u00e9rrez Aguilar destac\u00f3 que la justicia debe ejercerse con sentido humano, valores y principios. Acercar la justicia, pero hacerla en un proceso humano, con \u00e9tica y principios, es el objetivo de un convenio que firmaron el Tribunal de Justicia Administrativa de la CDMX y la alcald\u00eda Coyoac\u00e1n a trav\u00e9s de sus titulares, [&hellip;]<\/p>\n","protected":false},"author":1,"featured_media":100936,"comment_status":"closed","ping_status":"closed","sticky":false,"template":"","format":"standard","meta":{"footnotes":""},"categories":[35,30],"tags":[],"class_list":["post-100927","post","type-post","status-publish","format-standard","has-post-thumbnail","hentry","category-cdmx","category-destacado"],"_links":{"self":[{"href":"https:\/\/elinformante.mx\/index.php?rest_route=\/wp\/v2\/posts\/100927","targetHints":{"allow":["GET"]}}],"collection":[{"href":"https:\/\/elinformante.mx\/index.php?rest_route=\/wp\/v2\/posts"}],"about":[{"href":"https:\/\/elinformante.mx\/index.php?rest_route=\/wp\/v2\/types\/post"}],"author":[{"embeddable":true,"href":"https:\/\/elinformante.mx\/index.php?rest_route=\/wp\/v2\/users\/1"}],"replies":[{"embeddable":true,"href":"https:\/\/elinformante.mx\/index.php?rest_route=%2Fwp%2Fv2%2Fcomments&post=100927"}],"version-history":[{"count":0,"href":"https:\/\/elinformante.mx\/index.php?rest_route=\/wp\/v2\/posts\/100927\/revisions"}],"wp:featuredmedia":[{"embeddable":true,"href":"https:\/\/elinformante.mx\/index.php?rest_route=\/wp\/v2\/media\/100936"}],"wp:attachment":[{"href":"https:\/\/elinformante.mx\/index.php?rest_route=%2Fwp%2Fv2%2Fmedia&parent=100927"}],"wp:term":[{"taxonomy":"category","embeddable":true,"href":"https:\/\/elinformante.mx\/index.php?rest_route=%2Fwp%2Fv2%2Fcategories&post=100927"},{"taxonomy":"post_tag","embeddable":true,"href":"https:\/\/elinformante.mx\/index.php?rest_route=%2Fwp%2Fv2%2Ftags&post=100927"}],"curies":[{"name":"wp","href":"https:\/\/api.w.org\/{rel}","templated":true}]}}