{"id":100932,"date":"2026-03-04T06:46:40","date_gmt":"2026-03-04T12:46:40","guid":{"rendered":"https:\/\/elinformante.mx\/?p=100932"},"modified":"2026-03-04T06:46:44","modified_gmt":"2026-03-04T12:46:44","slug":"entrega-rojo-de-la-vega-rehabilitacion-de-plaza-rio-de-janeiro-en-alcaldia-cuauhtemoc","status":"publish","type":"post","link":"https:\/\/elinformante.mx\/?p=100932","title":{"rendered":"Entrega Rojo de la Vega rehabilitaci\u00f3n de Plaza R\u00edo de Janeiro en alcald\u00eda Cuauht\u00e9moc"},"content":{"rendered":"\n<figure class=\"wp-block-pullquote\"><blockquote><p>-M\u00e1s de 11 mil metros cuadrados intervenidos en la colonia Roma Norte.<\/p><\/blockquote><\/figure>\n\n\n\n<p class=\"has-drop-cap\">Despu\u00e9s de m\u00e1s de 40 a\u00f1os sin una intervenci\u00f3n integral, la alcaldesa Alessandra Rojo de la Vega entreg\u00f3 la rehabilitaci\u00f3n de la Plaza R\u00edo de Janeiro, en la colonia Roma Norte<br><\/p>\n\n\n\n<p>De acuerdo con la Direcci\u00f3n General de Obras y Desarrollo Urbano, se atendieron m\u00e1s de 11 mil metros cuadrados con colocaci\u00f3n de nuevo adoqu\u00edn tipo Cruz de Tabasco, construcci\u00f3n de banquetas permeables, renovaci\u00f3n de luminarias, rehabilitaci\u00f3n de bancas y mobiliario urbano, as\u00ed como la restauraci\u00f3n de la escultura del \u201cDavid\u201d, figura emblem\u00e1tica del parque.<br><\/p>\n\n\n\n<p>La alcaldesa se\u00f1al\u00f3 que la recuperaci\u00f3n responde a una demanda vecinal de a\u00f1os y sostuvo que el abandono del espacio p\u00fablico no puede normalizarse.<br><\/p>\n\n\n\n<figure class=\"wp-block-image size-large\"><img fetchpriority=\"high\" decoding=\"async\" width=\"1024\" height=\"506\" src=\"https:\/\/elinformante.mx\/wp-content\/uploads\/2026\/03\/6entrega-2-1024x506.jpeg\" alt=\"\" class=\"wp-image-100933\" srcset=\"https:\/\/elinformante.mx\/wp-content\/uploads\/2026\/03\/6entrega-2-1024x506.jpeg 1024w, https:\/\/elinformante.mx\/wp-content\/uploads\/2026\/03\/6entrega-2-300x148.jpeg 300w, https:\/\/elinformante.mx\/wp-content\/uploads\/2026\/03\/6entrega-2-768x379.jpeg 768w, https:\/\/elinformante.mx\/wp-content\/uploads\/2026\/03\/6entrega-2.jpeg 1140w\" sizes=\"(max-width: 1024px) 100vw, 1024px\" \/><\/figure>\n\n\n\n<p>La mandataria anunci\u00f3 que, a partir de ahora, la plaza contar\u00e1 con vigilancia permanente por parte de la Polic\u00eda Auxiliar de la demarcaci\u00f3n y que el ordenamiento en el entorno ser\u00e1 constante.<br><\/p>\n\n\n\n<p>Como parte de estas acciones, se retirar\u00e1n franeleros que cobren por el uso de la v\u00eda p\u00fablica, al tratarse de una falta administrativa, y no se permitir\u00e1 la instalaci\u00f3n de nuevos puestos de comercio ambulante en la zona. Tambi\u00e9n se supervisar\u00e1 que terrazas y enseres mercantiles respeten los espacios peatonales.<br><\/p>\n\n\n\n<p>Con esta entrega, la Plaza R\u00edo de Janeiro se suma a las intervenciones que se realizan de manera continua en distintos puntos de la alcald\u00eda, donde la recuperaci\u00f3n del espacio p\u00fablico incluye obra, iluminaci\u00f3n, vigilancia y garantizar el respeto a las reglas que regulan su uso.<\/p>\n","protected":false},"excerpt":{"rendered":"<p>-M\u00e1s de 11 mil metros cuadrados intervenidos en la colonia Roma Norte. Despu\u00e9s de m\u00e1s de 40 a\u00f1os sin una intervenci\u00f3n integral, la alcaldesa Alessandra Rojo de la Vega entreg\u00f3 la rehabilitaci\u00f3n de la Plaza R\u00edo de Janeiro, en la colonia Roma Norte De acuerdo con la Direcci\u00f3n General de Obras y Desarrollo Urbano, se [&hellip;]<\/p>\n","protected":false},"author":1,"featured_media":100934,"comment_status":"closed","ping_status":"closed","sticky":false,"template":"","format":"standard","meta":{"footnotes":""},"categories":[35],"tags":[],"class_list":["post-100932","post","type-post","status-publish","format-standard","has-post-thumbnail","hentry","category-cdmx"],"_links":{"self":[{"href":"https:\/\/elinformante.mx\/index.php?rest_route=\/wp\/v2\/posts\/100932","targetHints":{"allow":["GET"]}}],"collection":[{"href":"https:\/\/elinformante.mx\/index.php?rest_route=\/wp\/v2\/posts"}],"about":[{"href":"https:\/\/elinformante.mx\/index.php?rest_route=\/wp\/v2\/types\/post"}],"author":[{"embeddable":true,"href":"https:\/\/elinformante.mx\/index.php?rest_route=\/wp\/v2\/users\/1"}],"replies":[{"embeddable":true,"href":"https:\/\/elinformante.mx\/index.php?rest_route=%2Fwp%2Fv2%2Fcomments&post=100932"}],"version-history":[{"count":0,"href":"https:\/\/elinformante.mx\/index.php?rest_route=\/wp\/v2\/posts\/100932\/revisions"}],"wp:featuredmedia":[{"embeddable":true,"href":"https:\/\/elinformante.mx\/index.php?rest_route=\/wp\/v2\/media\/100934"}],"wp:attachment":[{"href":"https:\/\/elinformante.mx\/index.php?rest_route=%2Fwp%2Fv2%2Fmedia&parent=100932"}],"wp:term":[{"taxonomy":"category","embeddable":true,"href":"https:\/\/elinformante.mx\/index.php?rest_route=%2Fwp%2Fv2%2Fcategories&post=100932"},{"taxonomy":"post_tag","embeddable":true,"href":"https:\/\/elinformante.mx\/index.php?rest_route=%2Fwp%2Fv2%2Ftags&post=100932"}],"curies":[{"name":"wp","href":"https:\/\/api.w.org\/{rel}","templated":true}]}}