{"id":100935,"date":"2026-03-04T06:51:15","date_gmt":"2026-03-04T12:51:15","guid":{"rendered":"https:\/\/elinformante.mx\/?p=100935"},"modified":"2026-03-04T06:51:17","modified_gmt":"2026-03-04T12:51:17","slug":"se-realiza-entrega-masiva-de-libros-25-para-el-25-en-iztapalapa","status":"publish","type":"post","link":"https:\/\/elinformante.mx\/?p=100935","title":{"rendered":"Se realiza entrega masiva de Libros \u201c25 Para El 25\u201d en Iztapalapa"},"content":{"rendered":"\n<figure class=\"wp-block-pullquote\"><blockquote><p>En la explanada de la UTOP\u00cdA Ixtapalcalli Quetzalc\u00f3atl se distribuyeron 4 mil libros de manera gratuita<\/p><\/blockquote><\/figure>\n\n\n\n<p class=\"has-drop-cap\">La UTOP\u00cdA Ixtapalcalli Quetzalc\u00f3atl reuni\u00f3 a 2 mil j\u00f3venes en una jornada donde la lectura fue protagonista. En ese espacio, la Secretar\u00eda de Cultura de la Ciudad de M\u00e9xico, en coordinaci\u00f3n con el Fondo de Cultura Econ\u00f3mica (FCE), realiz\u00f3 la entrega masiva de 4 mil ejemplares gratuitos de la colecci\u00f3n \u201c25 para el 25\u201d, un proyecto editorial sin precedentes dirigido a personas de entre 15 y 30 a\u00f1os que celebra y promueve la lectura.<br><\/p>\n\n\n\n<p>Durante su participaci\u00f3n, Ana Francis L\u00f3pez Bayghen Pati\u00f1o, secretaria de Cultura de la Ciudad de M\u00e9xico, comparti\u00f3 con el p\u00fablico asistente el poema \u201cDormir en tus brazos\u201d, recordando que los libros, y en especial la poes\u00eda, tambi\u00e9n pueden ser una forma de mostrar afecto.<br><\/p>\n\n\n\n<p>El director general del Fondo de Cultura Econ\u00f3mica, Paco Ignacio Taibo II, expres\u00f3 su entusiasmo al encontrarse con un p\u00fablico mayoritariamente joven durante la jornada. Se\u00f1al\u00f3 que el promedio de edad era, en s\u00ed mismo, una se\u00f1al alentadora, pues reflejaba el anhelo de ver a nuevas generaciones reunidas en torno a los libros.<br><\/p>\n\n\n\n<p>Asimismo, subray\u00f3 que esta colecci\u00f3n, distribuida de manera gratuita en varios pa\u00edses de Am\u00e9rica Latina, representa uno de los mayores esfuerzos de fomento a la lectura en la regi\u00f3n. Un proyecto que tard\u00f3 a\u00f1os en construirse y que hoy coloca libros en manos j\u00f3venes como una apuesta para un mejor futuro. Por su parte, la alcaldesa de Iztapalapa, Aleida Alavez Ruiz, habl\u00f3 del orgullo de recibir esta entrega en una demarcaci\u00f3n que hist\u00f3ricamente ha sido descrita por sus retos, pero que tambi\u00e9n es territorio de creatividad y fuerza comunitaria.<br><\/p>\n\n\n\n<p>La din\u00e1mica fue sencilla: dos libros por persona. Dos oportunidades para descubrir historias, para compartirlas, para pasarlas de mano en mano. Porque si algo se repiti\u00f3 durante la tarde fue la invitaci\u00f3n a que los ejemplares no se queden cerrados, sino que circulen, que se comenten, que se vuelvan conversaci\u00f3n en casa, en la escuela, en redes y finalmente se intercambien.<br><\/p>\n\n\n\n<p>Antes del acto protocolario, la banda comunitaria Gripa Rock, de la UTOP\u00cdA Atzintli, encendi\u00f3 la explanada con un show que convirti\u00f3 el espacio en un verdadero punto de encuentro. M\u00e1s tarde, Edwin Rold\u00e1n, colaborador del FCE, tom\u00f3 el micr\u00f3fono para leer poes\u00eda e invitar a las y los asistentes a compartir versos propios o de autoras y autores que admiran. Y cuando la conferencia lleg\u00f3 a su fin, DJ El Moreno cerr\u00f3 la jornada transformando el lugar en una pista de baile.<br><\/p>\n\n\n\n<p>La jornada que se vivi\u00f3 esta ma\u00f1ana en la UTOP\u00cdA Ixtapalcalli Quetzalc\u00f3atl deja claro que cuando un libro llega a manos j\u00f3venes, no es solo papel y tinta. Es memoria, es reivindicaci\u00f3n y es, sobre todo, una forma concreta de apostar por la transformaci\u00f3n desde la cultura.<\/p>\n","protected":false},"excerpt":{"rendered":"<p>En la explanada de la UTOP\u00cdA Ixtapalcalli Quetzalc\u00f3atl se distribuyeron 4 mil libros de manera gratuita La UTOP\u00cdA Ixtapalcalli Quetzalc\u00f3atl reuni\u00f3 a 2 mil j\u00f3venes en una jornada donde la lectura fue protagonista. En ese espacio, la Secretar\u00eda de Cultura de la Ciudad de M\u00e9xico, en coordinaci\u00f3n con el Fondo de Cultura Econ\u00f3mica (FCE), realiz\u00f3 [&hellip;]<\/p>\n","protected":false},"author":1,"featured_media":100938,"comment_status":"closed","ping_status":"closed","sticky":false,"template":"","format":"standard","meta":{"footnotes":""},"categories":[35],"tags":[],"class_list":["post-100935","post","type-post","status-publish","format-standard","has-post-thumbnail","hentry","category-cdmx"],"_links":{"self":[{"href":"https:\/\/elinformante.mx\/index.php?rest_route=\/wp\/v2\/posts\/100935","targetHints":{"allow":["GET"]}}],"collection":[{"href":"https:\/\/elinformante.mx\/index.php?rest_route=\/wp\/v2\/posts"}],"about":[{"href":"https:\/\/elinformante.mx\/index.php?rest_route=\/wp\/v2\/types\/post"}],"author":[{"embeddable":true,"href":"https:\/\/elinformante.mx\/index.php?rest_route=\/wp\/v2\/users\/1"}],"replies":[{"embeddable":true,"href":"https:\/\/elinformante.mx\/index.php?rest_route=%2Fwp%2Fv2%2Fcomments&post=100935"}],"version-history":[{"count":0,"href":"https:\/\/elinformante.mx\/index.php?rest_route=\/wp\/v2\/posts\/100935\/revisions"}],"wp:featuredmedia":[{"embeddable":true,"href":"https:\/\/elinformante.mx\/index.php?rest_route=\/wp\/v2\/media\/100938"}],"wp:attachment":[{"href":"https:\/\/elinformante.mx\/index.php?rest_route=%2Fwp%2Fv2%2Fmedia&parent=100935"}],"wp:term":[{"taxonomy":"category","embeddable":true,"href":"https:\/\/elinformante.mx\/index.php?rest_route=%2Fwp%2Fv2%2Fcategories&post=100935"},{"taxonomy":"post_tag","embeddable":true,"href":"https:\/\/elinformante.mx\/index.php?rest_route=%2Fwp%2Fv2%2Ftags&post=100935"}],"curies":[{"name":"wp","href":"https:\/\/api.w.org\/{rel}","templated":true}]}}