{"id":100939,"date":"2026-03-04T06:55:02","date_gmt":"2026-03-04T12:55:02","guid":{"rendered":"https:\/\/elinformante.mx\/?p=100939"},"modified":"2026-03-04T06:55:07","modified_gmt":"2026-03-04T12:55:07","slug":"inversionistas-apuestan-por-yucatan-ante-condiciones-de-paz-y-certeza-juridica","status":"publish","type":"post","link":"https:\/\/elinformante.mx\/?p=100939","title":{"rendered":"Inversionistas apuestan por Yucat\u00e1n ante condiciones de paz y certeza jur\u00eddica"},"content":{"rendered":"\n<figure class=\"wp-block-pullquote\"><blockquote><p>-El desarrollo econ\u00f3mico en Yucat\u00e1n avanza con responsabilidad social para generar prosperidad compartida y mejorar el nivel de vida de todas y todos los yucatecos.<\/p><\/blockquote><\/figure>\n\n\n\n<p class=\"has-drop-cap\">El Gobernador Joaqu\u00edn D\u00edaz Mena encabez\u00f3 la inauguraci\u00f3n del Complejo Diamante de Midstorage y anunci\u00f3 una cartera de inversi\u00f3n privada por 1,190 millones de pesos para el periodo 2025\u20132029, destinada al desarrollo de proyectos estrat\u00e9gicos en Um\u00e1n, M\u00e9rida y Progreso.<br><\/p>\n\n\n\n<p>El Gobernador Joaqu\u00edn D\u00edaz Mena inaugur\u00f3 el Complejo Diamante de Midstorage y anunci\u00f3 una cartera de inversi\u00f3n privada por 1,190 millones de pesos para 2025-2029, que fortalece a Yucat\u00e1n como centro log\u00edstico del sureste.<br><\/p>\n\n\n\n<p>El mandatario afirm\u00f3 que la confianza empresarial responde a las condiciones de estabilidad, paz social y certeza jur\u00eddica que ofrece el estado, as\u00ed como a la estrategia de infraestructura y desarrollo territorial impulsada a trav\u00e9s del Renacimiento Maya.<br><\/p>\n\n\n\n<p>Durante su mensaje, el Gobernador afirm\u00f3 que uno de los momentos clave del Renacimiento Maya se vive con la ampliaci\u00f3n y modernizaci\u00f3n del Puerto de Altura de Progreso, cuya primera etapa est\u00e1 por concluir por parte del Gobierno del Estado, con una inversi\u00f3n de 1,630 millones de pesos en dragado.<br><\/p>\n\n\n\n<p>Detall\u00f3 que contin\u00faa ahora la empresa SSA M\u00e9xico con el dragado privado de la d\u00e1rsena de ciaboga y que en marzo o abril se realizar\u00e1 la licitaci\u00f3n por parte de la Secretar\u00eda de Marina para la siguiente etapa, que sumar\u00e1 dos plataformas a las 34 hect\u00e1reas actuales para alcanzar 114 hect\u00e1reas en total.<br><\/p>\n\n\n\n<p>A esto se suma el Tren Maya de carga, con una inversi\u00f3n de 25 mil millones de pesos por parte del gobierno de la Presidenta de M\u00e9xico Claudia Sheinbaum Pardo, as\u00ed como la inversi\u00f3n en los Polos Industriales del Bienestar y obras complementarias.<br><\/p>\n\n\n\n<p>Por ello, el mandatario felicit\u00f3 a las y los directivos de Midstorage por apostar por su tierra, al se\u00f1alar que son ejemplo de c\u00f3mo construir un presente y un mejor futuro para Yucat\u00e1n.<br><\/p>\n\n\n\n<p>De igual manera, D\u00edaz Mena agradeci\u00f3 a la Presidenta Claudia Sheinbaum Pardo, por las inversiones federales que recibe la entidad en proyectos estrat\u00e9gicos que integran el Renacimiento Maya.<br><\/p>\n\n\n\n<p>Adem\u00e1s, record\u00f3 que la oferta acad\u00e9mica en la entidad se ampl\u00eda para fortalecer el capital humano, ya que, adem\u00e1s de la Universidad Aut\u00f3noma de Yucat\u00e1n, el Instituto Tecnol\u00f3gico de M\u00e9rida y las universidades Polit\u00e9cnica y Tecnol\u00f3gica Metropolitana, se abrir\u00e1n dos nuevas universidades: Rosario Castellanos, en Kanas\u00edn, y la Universidad del Mar, en Progreso.<br><\/p>\n\n\n\n<p>Por su parte, el titular de la SETY, Ermilo Barrera Novelo, agradeci\u00f3 el impulso del Gobernador al desarrollo industrial de la entidad y asegur\u00f3 que la suma de esfuerzos entre el sector p\u00fablico y la iniciativa privada hace posible proyectos como el que se inaugur\u00f3.<br><\/p>\n\n\n\n<p>A su vez, el socio fundador de Midstorage, Iv\u00e1n Gonz\u00e1lez Basteris, resalt\u00f3 que la inauguraci\u00f3n representa un paso m\u00e1s en una visi\u00f3n de infraestructura industrial que responde a las necesidades del presente y del futuro, con parques industriales mejor equipados, ubicados en puntos estrat\u00e9gicos para una conexi\u00f3n eficiente con la ciudad y con facilidades de acceso mediante transporte p\u00fablico.<\/p>\n","protected":false},"excerpt":{"rendered":"<p>-El desarrollo econ\u00f3mico en Yucat\u00e1n avanza con responsabilidad social para generar prosperidad compartida y mejorar el nivel de vida de todas y todos los yucatecos. El Gobernador Joaqu\u00edn D\u00edaz Mena encabez\u00f3 la inauguraci\u00f3n del Complejo Diamante de Midstorage y anunci\u00f3 una cartera de inversi\u00f3n privada por 1,190 millones de pesos para el periodo 2025\u20132029, destinada [&hellip;]<\/p>\n","protected":false},"author":1,"featured_media":100943,"comment_status":"closed","ping_status":"closed","sticky":false,"template":"","format":"standard","meta":{"footnotes":""},"categories":[34],"tags":[],"class_list":["post-100939","post","type-post","status-publish","format-standard","has-post-thumbnail","hentry","category-nacional"],"_links":{"self":[{"href":"https:\/\/elinformante.mx\/index.php?rest_route=\/wp\/v2\/posts\/100939","targetHints":{"allow":["GET"]}}],"collection":[{"href":"https:\/\/elinformante.mx\/index.php?rest_route=\/wp\/v2\/posts"}],"about":[{"href":"https:\/\/elinformante.mx\/index.php?rest_route=\/wp\/v2\/types\/post"}],"author":[{"embeddable":true,"href":"https:\/\/elinformante.mx\/index.php?rest_route=\/wp\/v2\/users\/1"}],"replies":[{"embeddable":true,"href":"https:\/\/elinformante.mx\/index.php?rest_route=%2Fwp%2Fv2%2Fcomments&post=100939"}],"version-history":[{"count":0,"href":"https:\/\/elinformante.mx\/index.php?rest_route=\/wp\/v2\/posts\/100939\/revisions"}],"wp:featuredmedia":[{"embeddable":true,"href":"https:\/\/elinformante.mx\/index.php?rest_route=\/wp\/v2\/media\/100943"}],"wp:attachment":[{"href":"https:\/\/elinformante.mx\/index.php?rest_route=%2Fwp%2Fv2%2Fmedia&parent=100939"}],"wp:term":[{"taxonomy":"category","embeddable":true,"href":"https:\/\/elinformante.mx\/index.php?rest_route=%2Fwp%2Fv2%2Fcategories&post=100939"},{"taxonomy":"post_tag","embeddable":true,"href":"https:\/\/elinformante.mx\/index.php?rest_route=%2Fwp%2Fv2%2Ftags&post=100939"}],"curies":[{"name":"wp","href":"https:\/\/api.w.org\/{rel}","templated":true}]}}