{"id":100942,"date":"2026-03-04T06:57:31","date_gmt":"2026-03-04T12:57:31","guid":{"rendered":"https:\/\/elinformante.mx\/?p=100942"},"modified":"2026-03-04T06:57:36","modified_gmt":"2026-03-04T12:57:36","slug":"mara-lezama-toma-protesta-a-comites-ciudadanos-activos-en-quintana-roo","status":"publish","type":"post","link":"https:\/\/elinformante.mx\/?p=100942","title":{"rendered":"Mara Lezama toma protesta a comit\u00e9s ciudadanos activos en Quintana Roo"},"content":{"rendered":"\n<figure class=\"wp-block-pullquote\"><blockquote><p>-El nuevo \u00f3rgano coordinar\u00e1 pol\u00edticas de justicia c\u00edvica, mediaci\u00f3n comunitaria y prevenci\u00f3n.<\/p><\/blockquote><\/figure>\n\n\n\n<p class=\"has-drop-cap\">Con la presencia de autoridades federales de la Secretar\u00eda de Gobernaci\u00f3n y del DIF Nacional, la gobernadora Mara Lezama encabez\u00f3 la instalaci\u00f3n formal del Consejo Estatal y de los Consejos Municipales de Paz y Justicia C\u00edvica de Quintana Roo, \u00f3rgano colegiado creado mediante decreto publicado el 12 de enero de 2026 en el Peri\u00f3dico Oficial del Estado, con el objetivo de fortalecer la prevenci\u00f3n de la violencia y consolidar comunidades m\u00e1s seguras desde el territorio.<br><\/p>\n\n\n\n<p>Acompa\u00f1ada de la presidenta honoraria del Sistema DIF Quintana Roo, Ver\u00f3nica Lezama Espinosa, y de la presidenta municipal de Benito Ju\u00e1rez, Ana Paty Peralta, la gobernadora Mara Lezama subray\u00f3 que este esfuerzo marca una nueva etapa en la pol\u00edtica p\u00fablica de seguridad, al priorizar la participaci\u00f3n social y la coordinaci\u00f3n institucional.<br><\/p>\n\n\n\n<p>El Consejo integra a 18 instituciones estatales y federales, los 11 municipios, as\u00ed como representantes de la academia, organizaciones sociales y liderazgos comunitarios. Su labor beneficiar\u00e1 a 2 millones 141 mil 82 habitantes, es decir, a toda la poblaci\u00f3n de Quintana Roo, mediante estrategias orientadas a fortalecer la convivencia 4social y atender las causas que generan violencia.<br><\/p>\n\n\n\n<p>La Gobernadora se\u00f1al\u00f3 que este modelo se alinea con la estrategia nacional impulsada por la presidenta de M\u00e9xico, Claudia Sheinbaum, centrada en la reconstrucci\u00f3n del tejido social, la prevenci\u00f3n y la participaci\u00f3n comunitaria como ejes fundamentales de la seguridad.<br><\/p>\n\n\n\n<p>Mara Lezama explic\u00f3 que el nuevo \u00f3rgano tendr\u00e1 entre sus responsabilidades formular recomendaciones de pol\u00edtica p\u00fablica; dise\u00f1ar e implementar el Plan Estatal de Construcci\u00f3n de Paz y Justicia C\u00edvica; coordinar programas de prevenci\u00f3n de la violencia y reparaci\u00f3n integral; e impulsar mecanismos de mediaci\u00f3n comunitaria y justicia restaurativa.<br><\/p>\n\n\n\n<p>Asimismo, generar\u00e1 indicadores para evaluar resultados, promover\u00e1 diagn\u00f3sticos territoriales, campa\u00f1as de cultura c\u00edvica y programas de capacitaci\u00f3n en prevenci\u00f3n y derechos humanos. Su naturaleza ser\u00e1 estrat\u00e9gica y preventiva, con autonom\u00eda t\u00e9cnica para el ejercicio de sus funciones, complementando el trabajo de las instituciones de seguridad p\u00fablica y \u00f3rganos jurisdiccionales.<br><\/p>\n\n\n\n<p>Se destac\u00f3 que el municipio de Benito Ju\u00e1rez representa un punto estrat\u00e9gico para la implementaci\u00f3n de modelos de prevenci\u00f3n y mediaci\u00f3n comunitaria, debido a su acelerado crecimiento urbano y su relevancia social y econ\u00f3mica en el estado.<br><\/p>\n\n\n\n<p>La titular del Ejecutivo a\u00f1adi\u00f3 que el trabajo del Consejo permitir\u00e1 fortalecer la eficacia del gasto p\u00fablico destinado a seguridad, particularmente el presupuesto aprobado para la Secretar\u00eda de Seguridad Ciudadana en 2026, superior a 4 mil 260 millones de pesos, orient\u00e1ndolo hacia estrategias integrales de prevenci\u00f3n y construcci\u00f3n de paz.<br><\/p>\n\n\n\n<p>Finalmente, Mara Lezama afirm\u00f3 que, en un contexto global marcado por tensiones y conflictos, Quintana Roo env\u00eda un mensaje claro: la paz es el camino. \u201cLos pueblos que prosperan son aquellos que colocan la paz como cimiento de su desarrollo\u201d, expres\u00f3 al reiterar el compromiso de su gobierno con una visi\u00f3n moderna de gobernanza basada en el di\u00e1logo, la corresponsabilidad social y la justicia c\u00edvica.<\/p>\n","protected":false},"excerpt":{"rendered":"<p>-El nuevo \u00f3rgano coordinar\u00e1 pol\u00edticas de justicia c\u00edvica, mediaci\u00f3n comunitaria y prevenci\u00f3n. Con la presencia de autoridades federales de la Secretar\u00eda de Gobernaci\u00f3n y del DIF Nacional, la gobernadora Mara Lezama encabez\u00f3 la instalaci\u00f3n formal del Consejo Estatal y de los Consejos Municipales de Paz y Justicia C\u00edvica de Quintana Roo, \u00f3rgano colegiado creado mediante [&hellip;]<\/p>\n","protected":false},"author":1,"featured_media":100945,"comment_status":"closed","ping_status":"closed","sticky":false,"template":"","format":"standard","meta":{"footnotes":""},"categories":[30,34],"tags":[],"class_list":["post-100942","post","type-post","status-publish","format-standard","has-post-thumbnail","hentry","category-destacado","category-nacional"],"_links":{"self":[{"href":"https:\/\/elinformante.mx\/index.php?rest_route=\/wp\/v2\/posts\/100942","targetHints":{"allow":["GET"]}}],"collection":[{"href":"https:\/\/elinformante.mx\/index.php?rest_route=\/wp\/v2\/posts"}],"about":[{"href":"https:\/\/elinformante.mx\/index.php?rest_route=\/wp\/v2\/types\/post"}],"author":[{"embeddable":true,"href":"https:\/\/elinformante.mx\/index.php?rest_route=\/wp\/v2\/users\/1"}],"replies":[{"embeddable":true,"href":"https:\/\/elinformante.mx\/index.php?rest_route=%2Fwp%2Fv2%2Fcomments&post=100942"}],"version-history":[{"count":0,"href":"https:\/\/elinformante.mx\/index.php?rest_route=\/wp\/v2\/posts\/100942\/revisions"}],"wp:featuredmedia":[{"embeddable":true,"href":"https:\/\/elinformante.mx\/index.php?rest_route=\/wp\/v2\/media\/100945"}],"wp:attachment":[{"href":"https:\/\/elinformante.mx\/index.php?rest_route=%2Fwp%2Fv2%2Fmedia&parent=100942"}],"wp:term":[{"taxonomy":"category","embeddable":true,"href":"https:\/\/elinformante.mx\/index.php?rest_route=%2Fwp%2Fv2%2Fcategories&post=100942"},{"taxonomy":"post_tag","embeddable":true,"href":"https:\/\/elinformante.mx\/index.php?rest_route=%2Fwp%2Fv2%2Ftags&post=100942"}],"curies":[{"name":"wp","href":"https:\/\/api.w.org\/{rel}","templated":true}]}}