{"id":100946,"date":"2026-03-04T07:02:38","date_gmt":"2026-03-04T13:02:38","guid":{"rendered":"https:\/\/elinformante.mx\/?p=100946"},"modified":"2026-03-04T07:02:44","modified_gmt":"2026-03-04T13:02:44","slug":"se-suma-miguel-torruco-a-la-sspc-como-el-subsecretario-de-prevencion-de-las-violencias","status":"publish","type":"post","link":"https:\/\/elinformante.mx\/?p=100946","title":{"rendered":"Se suma Miguel Torruco a la SSPC como el subsecretario de Prevenci\u00f3n de las Violencias"},"content":{"rendered":"\n<figure class=\"wp-block-pullquote\"><blockquote><p>-La Subsecretar\u00eda impulsar\u00e1 acciones territoriales y comunitarias, mediante coordinaci\u00f3n interinstitucional.<\/p><\/blockquote><\/figure>\n\n\n\n<p class=\"has-drop-cap\">Por instrucci\u00f3n de la presidenta de la Rep\u00fablica, Claudia Sheinbaum Pardo, Miguel Torruco Garza se incorpora como subsecretario de Prevenci\u00f3n de las Violencias en la Secretar\u00eda de Seguridad y Protecci\u00f3n Ciudadana (SSPC), con el objetivo de fortalecer la prevenci\u00f3n desde las causas mediante pol\u00edticas p\u00fablicas integrales, coordinadas y con enfoque territorial, orientadas a la construcci\u00f3n de paz en los territorios, bajo el liderazgo del secretario Omar Garc\u00eda Harfuch.<br><\/p>\n\n\n\n<p>Fue el pasado 24 de febrero cuando Torruco Garza present\u00f3 el programa \u201cM\u00e9xico Imparable\u201d, mediante el cual se construir\u00e1n 100 Centros Comunitarios en todo el pa\u00eds, ubicados en territorios estrat\u00e9gicos para la construcci\u00f3n de paz.<br><\/p>\n\n\n\n<p>Estos espacios estar\u00e1n enfocados en juventudes e integrar\u00e1n deporte, cultura y atenci\u00f3n a la salud mental como ejes estrat\u00e9gicos para prevenir las violencias y reconstruir el tejido social desde las comunidades.<br><\/p>\n\n\n\n<p>La Subsecretar\u00eda impulsar\u00e1 acciones territoriales y comunitarias, mediante coordinaci\u00f3n interinstitucional, basadas en civismo, educaci\u00f3n, deporte, cultura, salud mental y participaci\u00f3n social, con pol\u00edticas p\u00fablicas sustentadas en evidencia, para prevenir el delito, fortalecer la cohesi\u00f3n comunitaria y construir una cultura de paz, ampliando horizontes para las juventudes.<br><\/p>\n\n\n\n<p>Miguel Torruco Garza es doctor y maestro en Administraci\u00f3n P\u00fablica por el Instituto Nacional de Administraci\u00f3n P\u00fablica (INAP) y licenciado en Mercadotecnia por la Universidad Iberoamericana. Complementa su formaci\u00f3n con estudios especializados en estrategias digitales y comunicaci\u00f3n en instituciones de prestigio internacional como la Universidad de Harvard y la Universidad de Nueva York (NYU). Cuenta con un diplomado avanzado en idioma italiano por la Escuela Leonardo da Vinci, en Florencia, Italia, as\u00ed como con estudios de Econom\u00eda por la Universidad Luigi Bocconi di Economia, en Mil\u00e1n, Italia. Asimismo, curs\u00f3 un diplomado avanzado en idioma ingl\u00e9s en Rangitoto College, en Auckland, Nueva Zelanda. Es triling\u00fce, con dominio del espa\u00f1ol, ingl\u00e9s e italiano.<br><\/p>\n\n\n\n<p>Al asumir esta encomienda, Miguel Torruco Garza se\u00f1al\u00f3 que \u201cla prevenci\u00f3n de las violencias comienza con la atenci\u00f3n a las causas, generando horizontes reales para las juventudes a trav\u00e9s de la educaci\u00f3n, el civismo y el deporte\u201d.\u201d<br><\/p>\n\n\n\n<p>Con esta incorporaci\u00f3n, el Gobierno de M\u00e9xico reafirma su compromiso de construir seguridad con un enfoque preventivo, social y territorial, atendiendo las causas estructurales de la violencia mediante pol\u00edticas p\u00fablicas evaluables, coordinaci\u00f3n institucional y presencia efectiva en los territorios.<\/p>\n","protected":false},"excerpt":{"rendered":"<p>-La Subsecretar\u00eda impulsar\u00e1 acciones territoriales y comunitarias, mediante coordinaci\u00f3n interinstitucional. Por instrucci\u00f3n de la presidenta de la Rep\u00fablica, Claudia Sheinbaum Pardo, Miguel Torruco Garza se incorpora como subsecretario de Prevenci\u00f3n de las Violencias en la Secretar\u00eda de Seguridad y Protecci\u00f3n Ciudadana (SSPC), con el objetivo de fortalecer la prevenci\u00f3n desde las causas mediante pol\u00edticas p\u00fablicas [&hellip;]<\/p>\n","protected":false},"author":1,"featured_media":100949,"comment_status":"closed","ping_status":"closed","sticky":false,"template":"","format":"standard","meta":{"footnotes":""},"categories":[30,34],"tags":[],"class_list":["post-100946","post","type-post","status-publish","format-standard","has-post-thumbnail","hentry","category-destacado","category-nacional"],"_links":{"self":[{"href":"https:\/\/elinformante.mx\/index.php?rest_route=\/wp\/v2\/posts\/100946","targetHints":{"allow":["GET"]}}],"collection":[{"href":"https:\/\/elinformante.mx\/index.php?rest_route=\/wp\/v2\/posts"}],"about":[{"href":"https:\/\/elinformante.mx\/index.php?rest_route=\/wp\/v2\/types\/post"}],"author":[{"embeddable":true,"href":"https:\/\/elinformante.mx\/index.php?rest_route=\/wp\/v2\/users\/1"}],"replies":[{"embeddable":true,"href":"https:\/\/elinformante.mx\/index.php?rest_route=%2Fwp%2Fv2%2Fcomments&post=100946"}],"version-history":[{"count":0,"href":"https:\/\/elinformante.mx\/index.php?rest_route=\/wp\/v2\/posts\/100946\/revisions"}],"wp:featuredmedia":[{"embeddable":true,"href":"https:\/\/elinformante.mx\/index.php?rest_route=\/wp\/v2\/media\/100949"}],"wp:attachment":[{"href":"https:\/\/elinformante.mx\/index.php?rest_route=%2Fwp%2Fv2%2Fmedia&parent=100946"}],"wp:term":[{"taxonomy":"category","embeddable":true,"href":"https:\/\/elinformante.mx\/index.php?rest_route=%2Fwp%2Fv2%2Fcategories&post=100946"},{"taxonomy":"post_tag","embeddable":true,"href":"https:\/\/elinformante.mx\/index.php?rest_route=%2Fwp%2Fv2%2Ftags&post=100946"}],"curies":[{"name":"wp","href":"https:\/\/api.w.org\/{rel}","templated":true}]}}