{"id":100952,"date":"2026-03-04T07:14:35","date_gmt":"2026-03-04T13:14:35","guid":{"rendered":"https:\/\/elinformante.mx\/?p=100952"},"modified":"2026-03-04T07:14:40","modified_gmt":"2026-03-04T13:14:40","slug":"recibe-sheinbaum-la-copa-del-mundial-2026","status":"publish","type":"post","link":"https:\/\/elinformante.mx\/?p=100952","title":{"rendered":"RECIBE SHEINBAUM LA COPA DEL MUNDIAL 2026"},"content":{"rendered":"\n<figure class=\"wp-block-pullquote\"><blockquote><p>-La mandataria recibi\u00f3 el trofeo a manos del exjugador brasile\u00f1o \u201cBebeto\u201d.<\/p><\/blockquote><\/figure>\n\n\n\n<p class=\"has-drop-cap\">Comenz\u00f3 la cuenta regresiva de los \u00faltimos 100 d\u00edas antes del inicio de la Copa del Mundo Norteam\u00e9rica 2026.<br><\/p>\n\n\n\n<p>La presidenta de M\u00e9xico, Claudia Sheinbaum, recibi\u00f3 durante su conferencia el trofeo de la FIFA. La mandataria dio la sorpresa, acompa\u00f1ada del exjugador Jos\u00e9 Roberto Gama de Oliveira \u201cBebeto\u201d, campe\u00f3n con Brasil en 1994.<br><\/p>\n\n\n\n<p>Fue al final de la conferencia del pueblo y como parte de los eventos previos al arranque de la Copa del Mundo que comenzar\u00e1 el pr\u00f3ximo 11 de junio, cuando el anhelado trofeo hizo escala en la Ciudad de M\u00e9xico como parte del Trophy Tour organizado por el patrocinador principal del torneo.<br><\/p>\n\n\n\n<figure class=\"wp-block-image size-large\"><img fetchpriority=\"high\" decoding=\"async\" width=\"1024\" height=\"506\" src=\"https:\/\/elinformante.mx\/wp-content\/uploads\/2026\/03\/9recibe-3-1024x506.jpg\" alt=\"\" class=\"wp-image-100955\" srcset=\"https:\/\/elinformante.mx\/wp-content\/uploads\/2026\/03\/9recibe-3-1024x506.jpg 1024w, https:\/\/elinformante.mx\/wp-content\/uploads\/2026\/03\/9recibe-3-300x148.jpg 300w, https:\/\/elinformante.mx\/wp-content\/uploads\/2026\/03\/9recibe-3-768x379.jpg 768w, https:\/\/elinformante.mx\/wp-content\/uploads\/2026\/03\/9recibe-3.jpg 1140w\" sizes=\"(max-width: 1024px) 100vw, 1024px\" \/><\/figure>\n\n\n\n<p>\u201cEs tan significativo que hoy el trofeo llegue desde Guadalajara despu\u00e9s de haber cumplido un hito muy importante: mostrar al mundo un M\u00e9xico fuerte y orgulloso de su identidad\u201d, se\u00f1alaron.<br><\/p>\n\n\n\n<p>\u201cA trav\u00e9s de la gira del trofeo, la m\u00e1s grande que hemos hecho en M\u00e9xico, estamos recorriendo 10 ciudades con una experiencia gratuita que permitir\u00e1 a miles de personas acercarse al trofeo que representa los sue\u00f1os del f\u00fatbol mundial, pero tambi\u00e9n los sue\u00f1os de todas las ni\u00f1as y ni\u00f1os que practican este hermoso deporte\u201d, coment\u00f3 Louis Balat, presidente de Coca-Cola M\u00e9xico.<br><\/p>\n\n\n\n<p>Tras el mensaje, la presidenta tom\u00f3 el trofeo y pos\u00f3 para la fotograf\u00eda oficial. Pero antes de poder tomar el trofeo en sus manos, la mandataria pregunt\u00f3 de manera casual: \u201c\u00bfYo s\u00ed la puedo tocar?\u201d, pregunt\u00f3 entre risas, en referencia a Bebeto, quien como campe\u00f3n del mundo con la selecci\u00f3n de Brasil en Estados Unidos 1994, tiene derecho a tocar y besar el trofeo dorado.<br><\/p>\n\n\n\n<figure class=\"wp-block-image size-large\"><img decoding=\"async\" width=\"1024\" height=\"506\" src=\"https:\/\/elinformante.mx\/wp-content\/uploads\/2026\/03\/9recibe-4-1024x506.jpg\" alt=\"\" class=\"wp-image-100956\" srcset=\"https:\/\/elinformante.mx\/wp-content\/uploads\/2026\/03\/9recibe-4-1024x506.jpg 1024w, https:\/\/elinformante.mx\/wp-content\/uploads\/2026\/03\/9recibe-4-300x148.jpg 300w, https:\/\/elinformante.mx\/wp-content\/uploads\/2026\/03\/9recibe-4-768x379.jpg 768w, https:\/\/elinformante.mx\/wp-content\/uploads\/2026\/03\/9recibe-4.jpg 1140w\" sizes=\"(max-width: 1024px) 100vw, 1024px\" \/><\/figure>\n\n\n\n<p>Despu\u00e9s de retirar la cortina que lo cubr\u00eda y sacarlo de la vitrina, Bebeto coloc\u00f3 la Copa del Mundo en manos de Sheinbaum, quien la levant\u00f3 como lo han hecho los futbolistas campeones a lo largo de la historia.<br><\/p>\n\n\n\n<p>Es importante recordar que, de acuerdo con los estatutos de la FIFA, el trofeo solo puede ser tocado por futbolistas y miembros del cuerpo t\u00e9cnico campeones del mundo, adem\u00e1s de directivos del organismo y, en su caso, jefes de Estado de pa\u00edses finalistas o anfitriones.<br><\/p>\n\n\n\n<p>Por lo que en este caso, Claudia Sheinbaum pudo sostener la Copa por ser presidenta de M\u00e9xico, pa\u00eds anfitri\u00f3n del Mundial 2026, junto con Estados Unidos y Canad\u00e1.<\/p>\n\n\n\n<figure class=\"wp-block-image size-large\"><img decoding=\"async\" width=\"1024\" height=\"506\" src=\"https:\/\/elinformante.mx\/wp-content\/uploads\/2026\/03\/9recibe-2-1024x506.jpg\" alt=\"\" class=\"wp-image-100957\" srcset=\"https:\/\/elinformante.mx\/wp-content\/uploads\/2026\/03\/9recibe-2-1024x506.jpg 1024w, https:\/\/elinformante.mx\/wp-content\/uploads\/2026\/03\/9recibe-2-300x148.jpg 300w, https:\/\/elinformante.mx\/wp-content\/uploads\/2026\/03\/9recibe-2-768x379.jpg 768w, https:\/\/elinformante.mx\/wp-content\/uploads\/2026\/03\/9recibe-2.jpg 1140w\" sizes=\"(max-width: 1024px) 100vw, 1024px\" \/><\/figure>\n","protected":false},"excerpt":{"rendered":"<p>-La mandataria recibi\u00f3 el trofeo a manos del exjugador brasile\u00f1o \u201cBebeto\u201d. Comenz\u00f3 la cuenta regresiva de los \u00faltimos 100 d\u00edas antes del inicio de la Copa del Mundo Norteam\u00e9rica 2026. La presidenta de M\u00e9xico, Claudia Sheinbaum, recibi\u00f3 durante su conferencia el trofeo de la FIFA. La mandataria dio la sorpresa, acompa\u00f1ada del exjugador Jos\u00e9 Roberto [&hellip;]<\/p>\n","protected":false},"author":1,"featured_media":100954,"comment_status":"closed","ping_status":"closed","sticky":false,"template":"","format":"standard","meta":{"footnotes":""},"categories":[30,34,31],"tags":[47],"class_list":["post-100952","post","type-post","status-publish","format-standard","has-post-thumbnail","hentry","category-destacado","category-nacional","category-portada","tag-portadanacional"],"_links":{"self":[{"href":"https:\/\/elinformante.mx\/index.php?rest_route=\/wp\/v2\/posts\/100952","targetHints":{"allow":["GET"]}}],"collection":[{"href":"https:\/\/elinformante.mx\/index.php?rest_route=\/wp\/v2\/posts"}],"about":[{"href":"https:\/\/elinformante.mx\/index.php?rest_route=\/wp\/v2\/types\/post"}],"author":[{"embeddable":true,"href":"https:\/\/elinformante.mx\/index.php?rest_route=\/wp\/v2\/users\/1"}],"replies":[{"embeddable":true,"href":"https:\/\/elinformante.mx\/index.php?rest_route=%2Fwp%2Fv2%2Fcomments&post=100952"}],"version-history":[{"count":0,"href":"https:\/\/elinformante.mx\/index.php?rest_route=\/wp\/v2\/posts\/100952\/revisions"}],"wp:featuredmedia":[{"embeddable":true,"href":"https:\/\/elinformante.mx\/index.php?rest_route=\/wp\/v2\/media\/100954"}],"wp:attachment":[{"href":"https:\/\/elinformante.mx\/index.php?rest_route=%2Fwp%2Fv2%2Fmedia&parent=100952"}],"wp:term":[{"taxonomy":"category","embeddable":true,"href":"https:\/\/elinformante.mx\/index.php?rest_route=%2Fwp%2Fv2%2Fcategories&post=100952"},{"taxonomy":"post_tag","embeddable":true,"href":"https:\/\/elinformante.mx\/index.php?rest_route=%2Fwp%2Fv2%2Ftags&post=100952"}],"curies":[{"name":"wp","href":"https:\/\/api.w.org\/{rel}","templated":true}]}}