{"id":100959,"date":"2026-03-04T11:41:07","date_gmt":"2026-03-04T17:41:07","guid":{"rendered":"https:\/\/elinformante.mx\/?p=100959"},"modified":"2026-03-04T11:41:24","modified_gmt":"2026-03-04T17:41:24","slug":"edomex-registra-en-febrero-la-cifra-mas-baja-de-homicidios-dolosos-en-los-ultimos-9-anos","status":"publish","type":"post","link":"https:\/\/elinformante.mx\/?p=100959","title":{"rendered":"EDOM\u00c9X REGISTRA EN FEBRERO LA CIFRA M\u00c1S BAJA DE HOMICIDIOS DOLOSOS EN LOS \u00daLTIMOS 9 A\u00d1OS"},"content":{"rendered":"\n<p>El Estado de M\u00e9xico registr\u00f3 en febrero de 2026 el n\u00famero m\u00e1s bajo de v\u00edctimas de homicidio doloso en los \u00faltimos nueve a\u00f1os, de acuerdo con informaci\u00f3n de la Fiscal\u00eda General de Justicia del Estado de M\u00e9xico (FGJEM). Durante ese mes se contabilizaron <strong>69 casos<\/strong>, la cifra m\u00e1s baja desde diciembre de 2016, cuando se cre\u00f3 la instituci\u00f3n.<\/p>\n\n\n\n<p>Las autoridades se\u00f1alaron que este resultado forma parte de las estrategias de seguridad que se analizan diariamente en la <strong>Mesa de Paz<\/strong>, encabezada por la gobernadora Delfina G\u00f3mez \u00c1lvarez, donde participan instituciones federales, estatales y municipales.<\/p>\n\n\n\n<p>De acuerdo con los registros oficiales, entre enero de 2017 y febrero de 2026 se han contabilizado <strong>110 meses de seguimiento estad\u00edstico<\/strong>, siendo febrero de este a\u00f1o el periodo con menor n\u00famero de v\u00edctimas. El punto m\u00e1s alto ocurri\u00f3 en marzo de 2020, cuando se registraron <strong>289 v\u00edctimas<\/strong>, lo que representa una reducci\u00f3n de <strong>76 por ciento<\/strong> respecto al dato m\u00e1s reciente.<\/p>\n\n\n\n<p>Tras alcanzar su nivel m\u00e1s alto en 2019 con <strong>2 mil 859 v\u00edctimas<\/strong>, el Estado de M\u00e9xico ha mantenido una tendencia sostenida a la baja. Para 2025 se reportaron <strong>mil 312 casos<\/strong>, frente a los <strong>2 mil 539 registrados en 2019<\/strong>, lo que representa una disminuci\u00f3n cercana al <strong>48 por ciento<\/strong>.<\/p>\n\n\n\n<p>En los primeros dos meses de 2026 se han iniciado <strong>157 carpetas de investigaci\u00f3n por homicidio doloso<\/strong>, de las cuales <strong>88 corresponden a enero y 69 a febrero<\/strong>, confirmando este \u00faltimo como el mes con menor registro en casi una d\u00e9cada.<\/p>\n","protected":false},"excerpt":{"rendered":"<p>El Estado de M\u00e9xico registr\u00f3 en febrero de 2026 el n\u00famero m\u00e1s bajo de v\u00edctimas de homicidio doloso en los \u00faltimos nueve a\u00f1os, de acuerdo con informaci\u00f3n de la Fiscal\u00eda General de Justicia del Estado de M\u00e9xico (FGJEM). Durante ese mes se contabilizaron 69 casos, la cifra m\u00e1s baja desde diciembre de 2016, cuando se [&hellip;]<\/p>\n","protected":false},"author":2,"featured_media":100960,"comment_status":"closed","ping_status":"closed","sticky":false,"template":"","format":"standard","meta":{"footnotes":""},"categories":[36],"tags":[],"class_list":["post-100959","post","type-post","status-publish","format-standard","has-post-thumbnail","hentry","category-edomex"],"_links":{"self":[{"href":"https:\/\/elinformante.mx\/index.php?rest_route=\/wp\/v2\/posts\/100959","targetHints":{"allow":["GET"]}}],"collection":[{"href":"https:\/\/elinformante.mx\/index.php?rest_route=\/wp\/v2\/posts"}],"about":[{"href":"https:\/\/elinformante.mx\/index.php?rest_route=\/wp\/v2\/types\/post"}],"author":[{"embeddable":true,"href":"https:\/\/elinformante.mx\/index.php?rest_route=\/wp\/v2\/users\/2"}],"replies":[{"embeddable":true,"href":"https:\/\/elinformante.mx\/index.php?rest_route=%2Fwp%2Fv2%2Fcomments&post=100959"}],"version-history":[{"count":0,"href":"https:\/\/elinformante.mx\/index.php?rest_route=\/wp\/v2\/posts\/100959\/revisions"}],"wp:featuredmedia":[{"embeddable":true,"href":"https:\/\/elinformante.mx\/index.php?rest_route=\/wp\/v2\/media\/100960"}],"wp:attachment":[{"href":"https:\/\/elinformante.mx\/index.php?rest_route=%2Fwp%2Fv2%2Fmedia&parent=100959"}],"wp:term":[{"taxonomy":"category","embeddable":true,"href":"https:\/\/elinformante.mx\/index.php?rest_route=%2Fwp%2Fv2%2Fcategories&post=100959"},{"taxonomy":"post_tag","embeddable":true,"href":"https:\/\/elinformante.mx\/index.php?rest_route=%2Fwp%2Fv2%2Ftags&post=100959"}],"curies":[{"name":"wp","href":"https:\/\/api.w.org\/{rel}","templated":true}]}}