{"id":100963,"date":"2026-03-04T15:54:37","date_gmt":"2026-03-04T21:54:37","guid":{"rendered":"https:\/\/elinformante.mx\/?p=100963"},"modified":"2026-03-04T15:54:44","modified_gmt":"2026-03-04T21:54:44","slug":"emma-watson-y-gonzalo-hevia-bailleres-desatan-rumores-de-romance-tras-filtracion-de-fotos-en-mexico","status":"publish","type":"post","link":"https:\/\/elinformante.mx\/?p=100963","title":{"rendered":"Emma Watson Y Gonzalo Hevia Baill\u00e8res desatan rumores de romance tras filtraci\u00f3n de fotos en M\u00e9xico"},"content":{"rendered":"\n<p>Las redes sociales y la prensa del espect\u00e1culo se encendieron luego de que circularan fotograf\u00edas en las que presuntamente aparecen la actriz brit\u00e1nica Emma Watson y el empresario mexicano Gonzalo Hevia Baill\u00e8res juntos durante una salida en la Ciudad de M\u00e9xico. Las im\u00e1genes, difundidas inicialmente por la revista de sociales <em>Qui\u00e9n<\/em>, han provocado especulaci\u00f3n sobre un posible romance entre ambos.<\/p>\n\n\n\n<p>De acuerdo con reportes, Watson y Hevia Baill\u00e8res habr\u00edan coincidido desde finales de 2025, cuando fueron vistos juntos en Courchevel, en los Alpes franceses, durante las vacaciones de invierno. Posteriormente, tambi\u00e9n habr\u00edan viajado a Punta Mita, en Nayarit, y recientemente se les habr\u00eda visto compartiendo una comida en el exclusivo restaurante Mendl, en la capital del pa\u00eds.<\/p>\n\n\n\n<p>Las fotograf\u00edas que circulan en internet muestran a ambos aparentemente cercanos y relajados durante su encuentro, lo que ha alimentado los rumores sobre una relaci\u00f3n sentimental. Sin embargo, hasta el momento ninguno de los dos ha confirmado p\u00fablicamente si existe un noviazgo.<\/p>\n\n\n\n<p>La situaci\u00f3n ha llamado a\u00fan m\u00e1s la atenci\u00f3n debido a la relaci\u00f3n pasada de Hevia Baill\u00e8res con la cantante Belinda. Meses atr\u00e1s, la artista gener\u00f3 pol\u00e9mica con su canci\u00f3n <em>Heterocrom\u00eda<\/em>, tema que muchos interpretaron como una referencia directa al empresario y a su entorno, lo que desat\u00f3 debates en redes sobre su relaci\u00f3n.<\/p>\n\n\n\n<p>Gonzalo Hevia Baill\u00e8res pertenece a una de las familias empresariales m\u00e1s influyentes de M\u00e9xico, vinculada al Grupo Bal, conglomerado que agrupa empresas como Palacio de Hierro, Industrias Pe\u00f1oles y GNP Seguros. Aunque mantiene un perfil bajo, su nombre ha vuelto a aparecer en titulares debido a esta supuesta relaci\u00f3n que conecta a la \u00e9lite empresarial mexicana con una de las figuras m\u00e1s reconocidas de Hollywood.<\/p>\n\n\n\n<p><\/p>\n","protected":false},"excerpt":{"rendered":"<p>Las redes sociales y la prensa del espect\u00e1culo se encendieron luego de que circularan fotograf\u00edas en las que presuntamente aparecen la actriz brit\u00e1nica Emma Watson y el empresario mexicano Gonzalo Hevia Baill\u00e8res juntos durante una salida en la Ciudad de M\u00e9xico. Las im\u00e1genes, difundidas inicialmente por la revista de sociales Qui\u00e9n, han provocado especulaci\u00f3n sobre [&hellip;]<\/p>\n","protected":false},"author":2,"featured_media":100966,"comment_status":"closed","ping_status":"closed","sticky":false,"template":"","format":"standard","meta":{"footnotes":""},"categories":[39],"tags":[],"class_list":["post-100963","post","type-post","status-publish","format-standard","has-post-thumbnail","hentry","category-espectaculos"],"_links":{"self":[{"href":"https:\/\/elinformante.mx\/index.php?rest_route=\/wp\/v2\/posts\/100963","targetHints":{"allow":["GET"]}}],"collection":[{"href":"https:\/\/elinformante.mx\/index.php?rest_route=\/wp\/v2\/posts"}],"about":[{"href":"https:\/\/elinformante.mx\/index.php?rest_route=\/wp\/v2\/types\/post"}],"author":[{"embeddable":true,"href":"https:\/\/elinformante.mx\/index.php?rest_route=\/wp\/v2\/users\/2"}],"replies":[{"embeddable":true,"href":"https:\/\/elinformante.mx\/index.php?rest_route=%2Fwp%2Fv2%2Fcomments&post=100963"}],"version-history":[{"count":0,"href":"https:\/\/elinformante.mx\/index.php?rest_route=\/wp\/v2\/posts\/100963\/revisions"}],"wp:featuredmedia":[{"embeddable":true,"href":"https:\/\/elinformante.mx\/index.php?rest_route=\/wp\/v2\/media\/100966"}],"wp:attachment":[{"href":"https:\/\/elinformante.mx\/index.php?rest_route=%2Fwp%2Fv2%2Fmedia&parent=100963"}],"wp:term":[{"taxonomy":"category","embeddable":true,"href":"https:\/\/elinformante.mx\/index.php?rest_route=%2Fwp%2Fv2%2Fcategories&post=100963"},{"taxonomy":"post_tag","embeddable":true,"href":"https:\/\/elinformante.mx\/index.php?rest_route=%2Fwp%2Fv2%2Ftags&post=100963"}],"curies":[{"name":"wp","href":"https:\/\/api.w.org\/{rel}","templated":true}]}}