{"id":100964,"date":"2026-03-04T15:50:03","date_gmt":"2026-03-04T21:50:03","guid":{"rendered":"https:\/\/elinformante.mx\/?p=100964"},"modified":"2026-03-04T15:50:06","modified_gmt":"2026-03-04T21:50:06","slug":"higinio-miranda-es-designado-vicecoordinador-de-morena-en-el-senado","status":"publish","type":"post","link":"https:\/\/elinformante.mx\/?p=100964","title":{"rendered":"HIGINIO MIRANDA ES DESIGNADO VICECOORDINADOR DE MORENA EN EL SENADO"},"content":{"rendered":"\n<p>El senador Higinio Miranda fue nombrado por unanimidad como <strong>Vicecoordinador del Grupo Parlamentario de Morena en el Senado de la Rep\u00fablica<\/strong>, a propuesta del coordinador Ignacio Mier Velazco. Con esta designaci\u00f3n, el legislador tambi\u00e9n representar\u00e1 a su bancada en la Junta de Coordinaci\u00f3n Pol\u00edtica, uno de los \u00f3rganos clave para la toma de decisiones dentro de la C\u00e1mara Alta.<\/p>\n\n\n\n<p>Tras el nombramiento, Miranda agradeci\u00f3 la confianza de sus compa\u00f1eros legisladores y destac\u00f3 que su nueva responsabilidad estar\u00e1 enfocada en <strong>fortalecer la unidad del grupo parlamentario<\/strong>, adem\u00e1s de mantener un di\u00e1logo permanente con las distintas fuerzas pol\u00edticas representadas en el Senado.<\/p>\n\n\n\n<p>El senador se\u00f1al\u00f3 que su experiencia previa como coordinador parlamentario le permitir\u00e1 contribuir a la construcci\u00f3n de acuerdos y al impulso de iniciativas prioritarias dentro del Poder Legislativo.<\/p>\n\n\n\n<p>A trav\u00e9s de sus redes sociales, Miranda reiter\u00f3 que uno de sus principales objetivos ser\u00e1 <strong>respaldar e impulsar la agenda legislativa de la presidenta Claudia Sheinbaum Pardo<\/strong>, en coordinaci\u00f3n con su bancada<\/p>\n","protected":false},"excerpt":{"rendered":"<p>El senador Higinio Miranda fue nombrado por unanimidad como Vicecoordinador del Grupo Parlamentario de Morena en el Senado de la Rep\u00fablica, a propuesta del coordinador Ignacio Mier Velazco. Con esta designaci\u00f3n, el legislador tambi\u00e9n representar\u00e1 a su bancada en la Junta de Coordinaci\u00f3n Pol\u00edtica, uno de los \u00f3rganos clave para la toma de decisiones dentro [&hellip;]<\/p>\n","protected":false},"author":2,"featured_media":100965,"comment_status":"closed","ping_status":"closed","sticky":false,"template":"","format":"standard","meta":{"footnotes":""},"categories":[36],"tags":[],"class_list":["post-100964","post","type-post","status-publish","format-standard","has-post-thumbnail","hentry","category-edomex"],"_links":{"self":[{"href":"https:\/\/elinformante.mx\/index.php?rest_route=\/wp\/v2\/posts\/100964","targetHints":{"allow":["GET"]}}],"collection":[{"href":"https:\/\/elinformante.mx\/index.php?rest_route=\/wp\/v2\/posts"}],"about":[{"href":"https:\/\/elinformante.mx\/index.php?rest_route=\/wp\/v2\/types\/post"}],"author":[{"embeddable":true,"href":"https:\/\/elinformante.mx\/index.php?rest_route=\/wp\/v2\/users\/2"}],"replies":[{"embeddable":true,"href":"https:\/\/elinformante.mx\/index.php?rest_route=%2Fwp%2Fv2%2Fcomments&post=100964"}],"version-history":[{"count":0,"href":"https:\/\/elinformante.mx\/index.php?rest_route=\/wp\/v2\/posts\/100964\/revisions"}],"wp:featuredmedia":[{"embeddable":true,"href":"https:\/\/elinformante.mx\/index.php?rest_route=\/wp\/v2\/media\/100965"}],"wp:attachment":[{"href":"https:\/\/elinformante.mx\/index.php?rest_route=%2Fwp%2Fv2%2Fmedia&parent=100964"}],"wp:term":[{"taxonomy":"category","embeddable":true,"href":"https:\/\/elinformante.mx\/index.php?rest_route=%2Fwp%2Fv2%2Fcategories&post=100964"},{"taxonomy":"post_tag","embeddable":true,"href":"https:\/\/elinformante.mx\/index.php?rest_route=%2Fwp%2Fv2%2Ftags&post=100964"}],"curies":[{"name":"wp","href":"https:\/\/api.w.org\/{rel}","templated":true}]}}