{"id":100967,"date":"2026-03-04T16:18:06","date_gmt":"2026-03-04T22:18:06","guid":{"rendered":"https:\/\/elinformante.mx\/?p=100967"},"modified":"2026-03-04T16:18:09","modified_gmt":"2026-03-04T22:18:09","slug":"monreal-llama-a-un-debate-racional-y-respetuoso-sobre-la-reforma-electoral-en-san-lazaro","status":"publish","type":"post","link":"https:\/\/elinformante.mx\/?p=100967","title":{"rendered":"Monreal llama a un debate racional y respetuoso sobre la reforma electoral en San L\u00e1zaro\u00a0"},"content":{"rendered":"\n<p>El diputado de Morena, Ricardo Monreal, se\u00f1al\u00f3 que espera que la discusi\u00f3n sobre la iniciativa de reforma electoral se realice en un ambiente pol\u00edtico adecuado, racional y respetuoso una vez que el proyecto lleg\u00f3 a la C\u00e1mara de Diputados para su an\u00e1lisis legislativo.<\/p>\n\n\n\n<p>El legislador destac\u00f3 que el debate sobre este tema deber\u00e1 desarrollarse con responsabilidad y apertura entre las distintas fuerzas pol\u00edticas representadas en el Congreso, con el objetivo de analizar a fondo los alcances de la propuesta.<\/p>\n\n\n\n<p>Monreal inform\u00f3 que la Junta de Coordinaci\u00f3n Pol\u00edtica (Jucopo) llev\u00f3 a cabo una reuni\u00f3n extraordinaria para revisar la ruta legislativa que seguir\u00e1 la iniciativa en la C\u00e1mara de Diputados.<\/p>\n\n\n\n<p>Durante este proceso, explic\u00f3 que se definir\u00e1n los tiempos y mecanismos para la discusi\u00f3n del proyecto, as\u00ed como la forma en que se integrar\u00e1n las opiniones de los distintos grupos parlamentarios.<\/p>\n\n\n\n<p>El diputado reiter\u00f3 la importancia de que el an\u00e1lisis de la reforma electoral se lleve a cabo mediante el di\u00e1logo y el respeto institucional, con el fin de garantizar un proceso legislativo ordenado y transparente.<\/p>\n","protected":false},"excerpt":{"rendered":"<p>El diputado de Morena, Ricardo Monreal, se\u00f1al\u00f3 que espera que la discusi\u00f3n sobre la iniciativa de reforma electoral se realice en un ambiente pol\u00edtico adecuado, racional y respetuoso una vez que el proyecto lleg\u00f3 a la C\u00e1mara de Diputados para su an\u00e1lisis legislativo. El legislador destac\u00f3 que el debate sobre este tema deber\u00e1 desarrollarse con [&hellip;]<\/p>\n","protected":false},"author":2,"featured_media":100968,"comment_status":"closed","ping_status":"closed","sticky":false,"template":"","format":"standard","meta":{"footnotes":""},"categories":[1],"tags":[],"class_list":["post-100967","post","type-post","status-publish","format-standard","has-post-thumbnail","hentry","category-sin-categoria"],"_links":{"self":[{"href":"https:\/\/elinformante.mx\/index.php?rest_route=\/wp\/v2\/posts\/100967","targetHints":{"allow":["GET"]}}],"collection":[{"href":"https:\/\/elinformante.mx\/index.php?rest_route=\/wp\/v2\/posts"}],"about":[{"href":"https:\/\/elinformante.mx\/index.php?rest_route=\/wp\/v2\/types\/post"}],"author":[{"embeddable":true,"href":"https:\/\/elinformante.mx\/index.php?rest_route=\/wp\/v2\/users\/2"}],"replies":[{"embeddable":true,"href":"https:\/\/elinformante.mx\/index.php?rest_route=%2Fwp%2Fv2%2Fcomments&post=100967"}],"version-history":[{"count":0,"href":"https:\/\/elinformante.mx\/index.php?rest_route=\/wp\/v2\/posts\/100967\/revisions"}],"wp:featuredmedia":[{"embeddable":true,"href":"https:\/\/elinformante.mx\/index.php?rest_route=\/wp\/v2\/media\/100968"}],"wp:attachment":[{"href":"https:\/\/elinformante.mx\/index.php?rest_route=%2Fwp%2Fv2%2Fmedia&parent=100967"}],"wp:term":[{"taxonomy":"category","embeddable":true,"href":"https:\/\/elinformante.mx\/index.php?rest_route=%2Fwp%2Fv2%2Fcategories&post=100967"},{"taxonomy":"post_tag","embeddable":true,"href":"https:\/\/elinformante.mx\/index.php?rest_route=%2Fwp%2Fv2%2Ftags&post=100967"}],"curies":[{"name":"wp","href":"https:\/\/api.w.org\/{rel}","templated":true}]}}