{"id":100969,"date":"2026-03-04T17:38:56","date_gmt":"2026-03-04T23:38:56","guid":{"rendered":"https:\/\/elinformante.mx\/?p=100969"},"modified":"2026-03-04T17:38:59","modified_gmt":"2026-03-04T23:38:59","slug":"auxiliar-del-america-sera-dt-de-brasil-sub-20-y-preolimpica","status":"publish","type":"post","link":"https:\/\/elinformante.mx\/?p=100969","title":{"rendered":"Auxiliar del Am\u00e9rica ser\u00e1 DT de Brasil Sub-20 y Preol\u00edmpica"},"content":{"rendered":"\n<p>La Confederaci\u00f3n Brasile\u00f1a de F\u00fatbol (CBF) confirm\u00f3 el nombramiento de Paulo Victor, actual auxiliar t\u00e9cnico de Andr\u00e9 Jardine en el Club Am\u00e9rica, como nuevo entrenador de las selecciones Sub-20 y Preol\u00edmpica de Brasil. El anuncio se da despu\u00e9s de que la informaci\u00f3n fuera adelantada por medios deportivos y forma parte del plan estrat\u00e9gico de la federaci\u00f3n para fortalecer el proceso rumbo a torneos internacionales juveniles.<\/p>\n\n\n\n<p>De acuerdo con el acuerdo alcanzado entre las partes, el entrenador brasile\u00f1o continuar\u00e1 vinculado al conjunto azulcrema hasta el final de la temporada 2025-2026, prevista para mayo. Una vez concluido ese ciclo con el equipo mexicano, se integrar\u00e1 de manera exclusiva y a tiempo completo a la estructura de la CBF.<\/p>\n\n\n\n<p>Paulo Victor, de 38 a\u00f1os y conocido como \u201cPV\u201d, ha sido una pieza importante dentro del cuerpo t\u00e9cnico de Andr\u00e9 Jardine desde 2023. Durante este periodo particip\u00f3 en los recientes logros del Am\u00e9rica, entre ellos el tricampeonato de la Liga MX y la obtenci\u00f3n de la Campeones Cup 2024 tras vencer al Columbus Crew de la MLS.<\/p>\n\n\n\n<p>El t\u00e9cnico brasile\u00f1o ya cuenta con experiencia en selecciones juveniles de su pa\u00eds, donde anteriormente dirigi\u00f3 las categor\u00edas Sub-15 y Sub-17. Con su nuevo cargo, liderar\u00e1 el proceso de la Sub-20 en el Campeonato Sudamericano, la Copa del Mundo de la categor\u00eda y el camino clasificatorio rumbo a los Juegos Ol\u00edmpicos.<\/p>\n\n\n\n<p>Adem\u00e1s, Victor form\u00f3 parte del cuerpo t\u00e9cnico que conquist\u00f3 la medalla de oro con Brasil en los Juegos Ol\u00edmpicos de Tokio 2020, cuando el equipo venci\u00f3 a Espa\u00f1a en la final. Su debut como entrenador de la Canarinha Sub-20 est\u00e1 previsto para la pr\u00f3xima fecha FIFA de marzo, aunque continuar\u00e1 colaborando con el Am\u00e9rica durante el resto de la temporada.<\/p>\n\n\n\n<p><\/p>\n","protected":false},"excerpt":{"rendered":"<p>La Confederaci\u00f3n Brasile\u00f1a de F\u00fatbol (CBF) confirm\u00f3 el nombramiento de Paulo Victor, actual auxiliar t\u00e9cnico de Andr\u00e9 Jardine en el Club Am\u00e9rica, como nuevo entrenador de las selecciones Sub-20 y Preol\u00edmpica de Brasil. El anuncio se da despu\u00e9s de que la informaci\u00f3n fuera adelantada por medios deportivos y forma parte del plan estrat\u00e9gico de la [&hellip;]<\/p>\n","protected":false},"author":2,"featured_media":100970,"comment_status":"closed","ping_status":"closed","sticky":false,"template":"","format":"standard","meta":{"footnotes":""},"categories":[38],"tags":[],"class_list":["post-100969","post","type-post","status-publish","format-standard","has-post-thumbnail","hentry","category-deportes"],"_links":{"self":[{"href":"https:\/\/elinformante.mx\/index.php?rest_route=\/wp\/v2\/posts\/100969","targetHints":{"allow":["GET"]}}],"collection":[{"href":"https:\/\/elinformante.mx\/index.php?rest_route=\/wp\/v2\/posts"}],"about":[{"href":"https:\/\/elinformante.mx\/index.php?rest_route=\/wp\/v2\/types\/post"}],"author":[{"embeddable":true,"href":"https:\/\/elinformante.mx\/index.php?rest_route=\/wp\/v2\/users\/2"}],"replies":[{"embeddable":true,"href":"https:\/\/elinformante.mx\/index.php?rest_route=%2Fwp%2Fv2%2Fcomments&post=100969"}],"version-history":[{"count":0,"href":"https:\/\/elinformante.mx\/index.php?rest_route=\/wp\/v2\/posts\/100969\/revisions"}],"wp:featuredmedia":[{"embeddable":true,"href":"https:\/\/elinformante.mx\/index.php?rest_route=\/wp\/v2\/media\/100970"}],"wp:attachment":[{"href":"https:\/\/elinformante.mx\/index.php?rest_route=%2Fwp%2Fv2%2Fmedia&parent=100969"}],"wp:term":[{"taxonomy":"category","embeddable":true,"href":"https:\/\/elinformante.mx\/index.php?rest_route=%2Fwp%2Fv2%2Fcategories&post=100969"},{"taxonomy":"post_tag","embeddable":true,"href":"https:\/\/elinformante.mx\/index.php?rest_route=%2Fwp%2Fv2%2Ftags&post=100969"}],"curies":[{"name":"wp","href":"https:\/\/api.w.org\/{rel}","templated":true}]}}