{"id":100985,"date":"2026-03-05T06:32:58","date_gmt":"2026-03-05T12:32:58","guid":{"rendered":"https:\/\/elinformante.mx\/?p=100985"},"modified":"2026-03-05T06:33:04","modified_gmt":"2026-03-05T12:33:04","slug":"en-lerma-se-fortalece-el-empoderamiento-femenino-inicia-taller-de-corte-y-confeccion","status":"publish","type":"post","link":"https:\/\/elinformante.mx\/?p=100985","title":{"rendered":"En Lerma se fortalece el empoderamiento femenino; inicia taller de corte y confecci\u00f3n"},"content":{"rendered":"\n<figure class=\"wp-block-pullquote\"><blockquote><p>-Develaron el mural \u201c8 de Marzo\u201d, s\u00edmbolo de lucha y sororidad en el municipio.<\/p><\/blockquote><\/figure>\n\n\n\n<p class=\"has-drop-cap\">Con el objetivo de brindar herramientas que fomenten la independencia econ\u00f3mica y el desarrollo integral de las familias lermenses, el presidente municipal, Miguel \u00c1ngel Ram\u00edrez Ponce, y la presidenta honoraria del DIF Lerma, Marisol Mote Mart\u00ednez, dieron inicio formal al Curso de Corte y Confecci\u00f3n en las instalaciones de la \u201cCasa de la Mujer\u201d.<br><\/p>\n\n\n\n<p>Ram\u00edrez Ponce celebr\u00f3 la puesta en marcha de este taller, destacando que no solo se trata de una capacitaci\u00f3n t\u00e9cnica, sino de una actividad que estimula la creatividad y fortalece las habilidades cognitivas de las participantes.<br><\/p>\n\n\n\n<p>\u201cEste curso es un impulso directo a la econom\u00eda local. Estamos convencidos de que dotar de nuevas habilidades a nuestra gente es comenzar a tejer sue\u00f1os, oportunidades y nuevos comienzos para Lerma\u201d, afirm\u00f3 el edil bajo el lema de su administraci\u00f3n, #ServirConAmor.<br><\/p>\n\n\n\n<figure class=\"wp-block-image size-large\"><img fetchpriority=\"high\" decoding=\"async\" width=\"1024\" height=\"506\" src=\"https:\/\/elinformante.mx\/wp-content\/uploads\/2026\/03\/13lerma-3-1-1024x506.jpg\" alt=\"\" class=\"wp-image-100990\" srcset=\"https:\/\/elinformante.mx\/wp-content\/uploads\/2026\/03\/13lerma-3-1-1024x506.jpg 1024w, https:\/\/elinformante.mx\/wp-content\/uploads\/2026\/03\/13lerma-3-1-300x148.jpg 300w, https:\/\/elinformante.mx\/wp-content\/uploads\/2026\/03\/13lerma-3-1-768x379.jpg 768w, https:\/\/elinformante.mx\/wp-content\/uploads\/2026\/03\/13lerma-3-1.jpg 1140w\" sizes=\"(max-width: 1024px) 100vw, 1024px\" \/><\/figure>\n\n\n\n<p>Por su parte, Marisol Mote Mart\u00ednez enfatiz\u00f3 que la apertura de este taller representa una puerta abierta hacia la autonom\u00eda: \u201cHoy inauguramos m\u00e1s que un taller; abrimos el camino al crecimiento de muchas mujeres. Cuando una mujer se fortalece, transforma a toda su comunidad\u201d, expres\u00f3 la titular del DIF.<br><\/p>\n\n\n\n<p>En el marco de esta inauguraci\u00f3n, las autoridades develaron el mural titulado \u201c8 de Marzo\u201d, una obra que busca proyectar la fuerza, la lucha y la sororidad que distingue a las mujeres del municipio.<br><\/p>\n\n\n\n<p>Tras el corte de list\u00f3n y el recorrido por las instalaciones, el equipo del DIF Lerma y la administraci\u00f3n municipal mantuvieron una reuni\u00f3n de trabajo para planificar las pr\u00f3ximas acciones y programas sociales, reafirmando el compromiso de seguir trabajando con el coraz\u00f3n para llegar a m\u00e1s familias en cada rinc\u00f3n del municipio.<\/p>\n","protected":false},"excerpt":{"rendered":"<p>-Develaron el mural \u201c8 de Marzo\u201d, s\u00edmbolo de lucha y sororidad en el municipio. Con el objetivo de brindar herramientas que fomenten la independencia econ\u00f3mica y el desarrollo integral de las familias lermenses, el presidente municipal, Miguel \u00c1ngel Ram\u00edrez Ponce, y la presidenta honoraria del DIF Lerma, Marisol Mote Mart\u00ednez, dieron inicio formal al Curso [&hellip;]<\/p>\n","protected":false},"author":1,"featured_media":100989,"comment_status":"closed","ping_status":"closed","sticky":false,"template":"","format":"standard","meta":{"footnotes":""},"categories":[36],"tags":[],"class_list":["post-100985","post","type-post","status-publish","format-standard","has-post-thumbnail","hentry","category-edomex"],"_links":{"self":[{"href":"https:\/\/elinformante.mx\/index.php?rest_route=\/wp\/v2\/posts\/100985","targetHints":{"allow":["GET"]}}],"collection":[{"href":"https:\/\/elinformante.mx\/index.php?rest_route=\/wp\/v2\/posts"}],"about":[{"href":"https:\/\/elinformante.mx\/index.php?rest_route=\/wp\/v2\/types\/post"}],"author":[{"embeddable":true,"href":"https:\/\/elinformante.mx\/index.php?rest_route=\/wp\/v2\/users\/1"}],"replies":[{"embeddable":true,"href":"https:\/\/elinformante.mx\/index.php?rest_route=%2Fwp%2Fv2%2Fcomments&post=100985"}],"version-history":[{"count":0,"href":"https:\/\/elinformante.mx\/index.php?rest_route=\/wp\/v2\/posts\/100985\/revisions"}],"wp:featuredmedia":[{"embeddable":true,"href":"https:\/\/elinformante.mx\/index.php?rest_route=\/wp\/v2\/media\/100989"}],"wp:attachment":[{"href":"https:\/\/elinformante.mx\/index.php?rest_route=%2Fwp%2Fv2%2Fmedia&parent=100985"}],"wp:term":[{"taxonomy":"category","embeddable":true,"href":"https:\/\/elinformante.mx\/index.php?rest_route=%2Fwp%2Fv2%2Fcategories&post=100985"},{"taxonomy":"post_tag","embeddable":true,"href":"https:\/\/elinformante.mx\/index.php?rest_route=%2Fwp%2Fv2%2Ftags&post=100985"}],"curies":[{"name":"wp","href":"https:\/\/api.w.org\/{rel}","templated":true}]}}