{"id":100988,"date":"2026-03-05T06:36:18","date_gmt":"2026-03-05T12:36:18","guid":{"rendered":"https:\/\/elinformante.mx\/?p=100988"},"modified":"2026-03-05T06:36:21","modified_gmt":"2026-03-05T12:36:21","slug":"mexicaltzingo-avanza-con-impulso-a-la-educacion-salud-y-cooperacion-regional-saray-benitez","status":"publish","type":"post","link":"https:\/\/elinformante.mx\/?p=100988","title":{"rendered":"Mexicaltzingo avanza con impulso a la educaci\u00f3n, salud y cooperaci\u00f3n regional: Saray Ben\u00edtez"},"content":{"rendered":"\n<figure class=\"wp-block-pullquote\"><blockquote><p>-Extern\u00f3 su gratitud a la gobernadora Delfina G\u00f3mez \u00c1lvarez por impulsar acciones que consolidan un sistema de salud m\u00e1s humano y eficiente.<\/p><\/blockquote><\/figure>\n\n\n\n<p class=\"has-drop-cap\">La presidenta municipal, Saray Ben\u00edtez Espinoza, contin\u00faa fortaleciendo los pilares del desarrollo en el municipio mediante acciones concretas que reconocen el talento estudiantil, refuerzan la infraestructura de salud estatal y estrechan lazos con municipios vecinos.<br><\/p>\n\n\n\n<p>En un acto de apoyo directo a la educaci\u00f3n, la alcaldesa realiz\u00f3 la entrega de tablets a los integrantes de la escolta de la Escuela Primaria \u201cJuan Escutia\u201d. Este incentivo reconoce su destacado desempe\u00f1o tras haber obtenido el primer lugar a nivel zona y el segundo lugar a nivel sector en el reciente concurso de escoltas.<br><\/p>\n\n\n\n<p>\u201cSon ejemplo de dedicaci\u00f3n y trabajo en equipo; reconocemos su disciplina y el orgullo con el que representan a nuestro municipio\u201d, expres\u00f3 Ben\u00edtez Espinoza, reafirmando su compromiso con las herramientas tecnol\u00f3gicas para la juventud.<br><\/p>\n\n\n\n<p>En materia de salud, la presidenta acompa\u00f1\u00f3 a la Secretaria de Salud del Estado de M\u00e9xico, Dra. Macarena Montoya, en el arranque de la Estrategia \u201cOla Verde\u201d. Este programa busca agilizar el traslado seguro de \u00f3rganos para trasplantes, una iniciativa que brinda esperanza de vida a miles de mexiquenses.<br><\/p>\n\n\n\n<p>Ben\u00edtez Espinosa extern\u00f3 su gratitud a la gobernadora Delfina G\u00f3mez \u00c1lvarez por impulsar acciones que consolidan un sistema de salud m\u00e1s humano y eficiente, destacando la importancia de la coordinaci\u00f3n institucional para salvar vidas.<br><\/p>\n\n\n\n<p>Finalmente asisti\u00f3 como invitada especial a la Ceremonia Solemne por el 202 Aniversario de la erecci\u00f3n del municipio de Calimaya. Durante el evento, felicit\u00f3 al presidente municipal, Omar Rodr\u00edguez, y destac\u00f3 la relevancia de preservar la historia e identidad de la regi\u00f3n, trabajando de la mano por el desarrollo conjunto de los municipios vecinos.<\/p>\n","protected":false},"excerpt":{"rendered":"<p>-Extern\u00f3 su gratitud a la gobernadora Delfina G\u00f3mez \u00c1lvarez por impulsar acciones que consolidan un sistema de salud m\u00e1s humano y eficiente. La presidenta municipal, Saray Ben\u00edtez Espinoza, contin\u00faa fortaleciendo los pilares del desarrollo en el municipio mediante acciones concretas que reconocen el talento estudiantil, refuerzan la infraestructura de salud estatal y estrechan lazos con [&hellip;]<\/p>\n","protected":false},"author":1,"featured_media":100992,"comment_status":"closed","ping_status":"closed","sticky":false,"template":"","format":"standard","meta":{"footnotes":""},"categories":[36],"tags":[],"class_list":["post-100988","post","type-post","status-publish","format-standard","has-post-thumbnail","hentry","category-edomex"],"_links":{"self":[{"href":"https:\/\/elinformante.mx\/index.php?rest_route=\/wp\/v2\/posts\/100988","targetHints":{"allow":["GET"]}}],"collection":[{"href":"https:\/\/elinformante.mx\/index.php?rest_route=\/wp\/v2\/posts"}],"about":[{"href":"https:\/\/elinformante.mx\/index.php?rest_route=\/wp\/v2\/types\/post"}],"author":[{"embeddable":true,"href":"https:\/\/elinformante.mx\/index.php?rest_route=\/wp\/v2\/users\/1"}],"replies":[{"embeddable":true,"href":"https:\/\/elinformante.mx\/index.php?rest_route=%2Fwp%2Fv2%2Fcomments&post=100988"}],"version-history":[{"count":0,"href":"https:\/\/elinformante.mx\/index.php?rest_route=\/wp\/v2\/posts\/100988\/revisions"}],"wp:featuredmedia":[{"embeddable":true,"href":"https:\/\/elinformante.mx\/index.php?rest_route=\/wp\/v2\/media\/100992"}],"wp:attachment":[{"href":"https:\/\/elinformante.mx\/index.php?rest_route=%2Fwp%2Fv2%2Fmedia&parent=100988"}],"wp:term":[{"taxonomy":"category","embeddable":true,"href":"https:\/\/elinformante.mx\/index.php?rest_route=%2Fwp%2Fv2%2Fcategories&post=100988"},{"taxonomy":"post_tag","embeddable":true,"href":"https:\/\/elinformante.mx\/index.php?rest_route=%2Fwp%2Fv2%2Ftags&post=100988"}],"curies":[{"name":"wp","href":"https:\/\/api.w.org\/{rel}","templated":true}]}}