{"id":100995,"date":"2026-03-05T06:47:03","date_gmt":"2026-03-05T12:47:03","guid":{"rendered":"https:\/\/elinformante.mx\/?p=100995"},"modified":"2026-03-05T06:47:16","modified_gmt":"2026-03-05T12:47:16","slug":"entrega-ana-muniz-pavimentacion-de-calles-en-el-fracc-santa-elena","status":"publish","type":"post","link":"https:\/\/elinformante.mx\/?p=100995","title":{"rendered":"Entrega Ana Mu\u00f1iz pavimentaci\u00f3n de calles en el Fracc. Santa Elena"},"content":{"rendered":"\n<figure class=\"wp-block-pullquote\"><blockquote><p>-Dialog\u00f3 con vecinas y vecinos, cumpliendo su compromiso de seguir impulsando obras y acciones para la comunidad.<\/p><\/blockquote><\/figure>\n\n\n\n<p class=\"has-drop-cap\">Al recorrer las calles reci\u00e9n pavimentadas en cumplimiento del compromiso contra\u00eddo con las familias del fraccionamiento Santa Elena, la presidenta municipal Ana Mu\u00f1iz Neyra se\u00f1al\u00f3 que su gobierno seguir\u00e1 avanzando en su objetivo de dignificar la vida comunitaria a partir de obras p\u00fablicas de calidad que mejoran la movilidad, la seguridad y la tranquilidad de las familias.<br><\/p>\n\n\n\n<p>Acompa\u00f1ada por vecinas y vecinos, integrantes del Cabildo y autoridades municipales, Ana Mu\u00f1iz recorri\u00f3 las calles Hacienda de Tejalpa y Hacienda Tres Mar\u00edas.<br><\/p>\n\n\n\n<p>Durante el recorrido, agradeci\u00f3 la confianza y la comprensi\u00f3n de las y los habitantes de Santa Elena para llevar a cabo estas obras: \u201cM\u00e1s all\u00e1 de las molestias que generan obras como estas, agradezco a mis vecinas y vecinos su confianza y paciencia; hoy tenemos calles no solo dignas, sino bonitas. A ello nos comprometimos y hoy estamos cumpliendo.\u201d<br><\/p>\n\n\n\n<figure class=\"wp-block-image size-large\"><img fetchpriority=\"high\" decoding=\"async\" width=\"1024\" height=\"506\" src=\"https:\/\/elinformante.mx\/wp-content\/uploads\/2026\/03\/12MATEO-2-1024x506.jpg\" alt=\"\" class=\"wp-image-101000\" srcset=\"https:\/\/elinformante.mx\/wp-content\/uploads\/2026\/03\/12MATEO-2-1024x506.jpg 1024w, https:\/\/elinformante.mx\/wp-content\/uploads\/2026\/03\/12MATEO-2-300x148.jpg 300w, https:\/\/elinformante.mx\/wp-content\/uploads\/2026\/03\/12MATEO-2-768x379.jpg 768w, https:\/\/elinformante.mx\/wp-content\/uploads\/2026\/03\/12MATEO-2.jpg 1140w\" sizes=\"(max-width: 1024px) 100vw, 1024px\" \/><\/figure>\n\n\n\n<p>Record\u00f3 que el fraccionamiento Santa Elena es una comunidad especial para ella, y le da mucho gusto poder contribuir al mejoramiento del entorno y fortalecer el bienestar de sus habitantes.<br><\/p>\n\n\n\n<p>La alcaldesa destac\u00f3 que, desde hace m\u00e1s de cuatro a\u00f1os, su gobierno ha venido trabajando en esta zona con obras y acciones como la rehabilitaci\u00f3n del pozo de agua, mejoras al alumbrado p\u00fablico, la instalaci\u00f3n de c\u00e1maras de videovigilancia, jornadas comunitarias, programas de salud y bienestar, as\u00ed como obras de infraestructura urbana y educativa.<br><\/p>\n\n\n\n<p>Asimismo, anunci\u00f3 que durante 2026 se llevar\u00e1n a cabo m\u00e1s obras de pavimentaci\u00f3n, entre ellas la avenida Buenavista; la instalaci\u00f3n de nueva infraestructura de videovigilancia, adem\u00e1s del mejoramiento de espacios p\u00fablicos, como la colocaci\u00f3n de una techumbre en el parque Sor Juana In\u00e9s de la Cruz y la iluminaci\u00f3n de la trota pista del fraccionamiento.<\/p>\n","protected":false},"excerpt":{"rendered":"<p>-Dialog\u00f3 con vecinas y vecinos, cumpliendo su compromiso de seguir impulsando obras y acciones para la comunidad. Al recorrer las calles reci\u00e9n pavimentadas en cumplimiento del compromiso contra\u00eddo con las familias del fraccionamiento Santa Elena, la presidenta municipal Ana Mu\u00f1iz Neyra se\u00f1al\u00f3 que su gobierno seguir\u00e1 avanzando en su objetivo de dignificar la vida comunitaria [&hellip;]<\/p>\n","protected":false},"author":1,"featured_media":100999,"comment_status":"closed","ping_status":"closed","sticky":false,"template":"","format":"standard","meta":{"footnotes":""},"categories":[30,36],"tags":[],"class_list":["post-100995","post","type-post","status-publish","format-standard","has-post-thumbnail","hentry","category-destacado","category-edomex"],"_links":{"self":[{"href":"https:\/\/elinformante.mx\/index.php?rest_route=\/wp\/v2\/posts\/100995","targetHints":{"allow":["GET"]}}],"collection":[{"href":"https:\/\/elinformante.mx\/index.php?rest_route=\/wp\/v2\/posts"}],"about":[{"href":"https:\/\/elinformante.mx\/index.php?rest_route=\/wp\/v2\/types\/post"}],"author":[{"embeddable":true,"href":"https:\/\/elinformante.mx\/index.php?rest_route=\/wp\/v2\/users\/1"}],"replies":[{"embeddable":true,"href":"https:\/\/elinformante.mx\/index.php?rest_route=%2Fwp%2Fv2%2Fcomments&post=100995"}],"version-history":[{"count":0,"href":"https:\/\/elinformante.mx\/index.php?rest_route=\/wp\/v2\/posts\/100995\/revisions"}],"wp:featuredmedia":[{"embeddable":true,"href":"https:\/\/elinformante.mx\/index.php?rest_route=\/wp\/v2\/media\/100999"}],"wp:attachment":[{"href":"https:\/\/elinformante.mx\/index.php?rest_route=%2Fwp%2Fv2%2Fmedia&parent=100995"}],"wp:term":[{"taxonomy":"category","embeddable":true,"href":"https:\/\/elinformante.mx\/index.php?rest_route=%2Fwp%2Fv2%2Fcategories&post=100995"},{"taxonomy":"post_tag","embeddable":true,"href":"https:\/\/elinformante.mx\/index.php?rest_route=%2Fwp%2Fv2%2Ftags&post=100995"}],"curies":[{"name":"wp","href":"https:\/\/api.w.org\/{rel}","templated":true}]}}