{"id":101001,"date":"2026-03-05T06:57:45","date_gmt":"2026-03-05T12:57:45","guid":{"rendered":"https:\/\/elinformante.mx\/?p=101001"},"modified":"2026-03-05T06:57:51","modified_gmt":"2026-03-05T12:57:51","slug":"toluca-realizara-actividades-rumbo-al-8m-con-seguridad-y-salvaguarda-a-los-derechos","status":"publish","type":"post","link":"https:\/\/elinformante.mx\/?p=101001","title":{"rendered":"Toluca realizar\u00e1 actividades rumbo al 8M con seguridad y salvaguarda a los derechos"},"content":{"rendered":"\n<figure class=\"wp-block-pullquote\"><blockquote><p>-Se tendr\u00e1n 8 D\u00edas de Activismo y reitera compromiso de proteger a participantes de las diversas marchas<\/p><\/blockquote><\/figure>\n\n\n\n<p class=\"has-drop-cap\">Para el alcalde Ricardo Moreno es una prioridad consolidar a Toluca como un municipio libre de violencia y con igualdad de oportunidades para todas las personas, por lo que el Instituto Municipal de la Mujer (IMM) comenz\u00f3 la estrategia 8 D\u00edas de Activismo Rumbo al 8M y se reitera que est\u00e1n garantizados la seguridad y derechos de quienes participar\u00e1n en las marchas conmemorativas.<br><\/p>\n\n\n\n<p>Moreno Bastida explic\u00f3 que desde el 1 de marzo se acompa\u00f1an las diversas actividades para conmemorar el D\u00eda Internacional de la Mujer y asegur\u00f3 que est\u00e1n garantizadas las libertades democr\u00e1ticas y derechos de todas y todos, gracias tambi\u00e9n a la coordinaci\u00f3n de los tres \u00f3rdenes de gobierno.<br><\/p>\n\n\n\n<figure class=\"wp-block-image size-large\"><img fetchpriority=\"high\" decoding=\"async\" width=\"1024\" height=\"506\" src=\"https:\/\/elinformante.mx\/wp-content\/uploads\/2026\/03\/11TOLUCA-3-1024x506.jpg\" alt=\"\" class=\"wp-image-101005\" srcset=\"https:\/\/elinformante.mx\/wp-content\/uploads\/2026\/03\/11TOLUCA-3-1024x506.jpg 1024w, https:\/\/elinformante.mx\/wp-content\/uploads\/2026\/03\/11TOLUCA-3-300x148.jpg 300w, https:\/\/elinformante.mx\/wp-content\/uploads\/2026\/03\/11TOLUCA-3-768x379.jpg 768w, https:\/\/elinformante.mx\/wp-content\/uploads\/2026\/03\/11TOLUCA-3.jpg 1140w\" sizes=\"(max-width: 1024px) 100vw, 1024px\" \/><\/figure>\n\n\n\n<p>Por su parte, la directora general del IMM, Celfa V\u00e1zquez, dio a conocer que, como parte de los 8 D\u00edas de Activismo, se realiz\u00f3 una segunda carrera atl\u00e9tica por el D\u00eda Internacional de la Mujer, un ciclo de conferencias, el segundo conversatorio Construyendo la Igualdad Sustantiva, se dio un banderazo de salida de unidades recolectoras con perspectiva de g\u00e9nero y la s\u00e9ptima Sesi\u00f3n del Consejo Directivo.<br><\/p>\n\n\n\n<p>Las actividades continuar\u00e1n este jueves 5 de marzo en las oficinas del IMM con una pl\u00e1tica de Derechos Humanos de las Mujeres, a las 10:00 horas, y herramientas para contrarrestar las afectaciones del estr\u00e9s laboral S\u00edndrome del burnout, a las 11:00; asimismo, se entregar\u00e1 la Presea al M\u00e9rito \u201cMujeres que inspiran y transforman Toluca\u201d, a la misma hora en el patio central de Palacio Municipal.<br><\/p>\n\n\n\n<p>En tanto, el viernes 6 de marzo se ofrecer\u00e1 una capacitaci\u00f3n frente al acoso y hostigamiento sexual, a las 16:00 horas, en el auditorio del SUTEYM en Urawa, y se llevar\u00e1 a cabo la rodada Unidas y de la mano por Toluca, a las 18:30 horas, en Palacio Municipal; mientras el s\u00e1bado 7, se impartir\u00e1 una exposici\u00f3n a padres de familia y pinta de mural en el programa Yo pongo guapa Toluca en la Telesecundaria Heriberto Enr\u00edquez, para culminar con las diversas marchas del 8M, el domingo.<\/p>\n","protected":false},"excerpt":{"rendered":"<p>-Se tendr\u00e1n 8 D\u00edas de Activismo y reitera compromiso de proteger a participantes de las diversas marchas Para el alcalde Ricardo Moreno es una prioridad consolidar a Toluca como un municipio libre de violencia y con igualdad de oportunidades para todas las personas, por lo que el Instituto Municipal de la Mujer (IMM) comenz\u00f3 la [&hellip;]<\/p>\n","protected":false},"author":1,"featured_media":101004,"comment_status":"closed","ping_status":"closed","sticky":false,"template":"","format":"standard","meta":{"footnotes":""},"categories":[30,36],"tags":[],"class_list":["post-101001","post","type-post","status-publish","format-standard","has-post-thumbnail","hentry","category-destacado","category-edomex"],"_links":{"self":[{"href":"https:\/\/elinformante.mx\/index.php?rest_route=\/wp\/v2\/posts\/101001","targetHints":{"allow":["GET"]}}],"collection":[{"href":"https:\/\/elinformante.mx\/index.php?rest_route=\/wp\/v2\/posts"}],"about":[{"href":"https:\/\/elinformante.mx\/index.php?rest_route=\/wp\/v2\/types\/post"}],"author":[{"embeddable":true,"href":"https:\/\/elinformante.mx\/index.php?rest_route=\/wp\/v2\/users\/1"}],"replies":[{"embeddable":true,"href":"https:\/\/elinformante.mx\/index.php?rest_route=%2Fwp%2Fv2%2Fcomments&post=101001"}],"version-history":[{"count":0,"href":"https:\/\/elinformante.mx\/index.php?rest_route=\/wp\/v2\/posts\/101001\/revisions"}],"wp:featuredmedia":[{"embeddable":true,"href":"https:\/\/elinformante.mx\/index.php?rest_route=\/wp\/v2\/media\/101004"}],"wp:attachment":[{"href":"https:\/\/elinformante.mx\/index.php?rest_route=%2Fwp%2Fv2%2Fmedia&parent=101001"}],"wp:term":[{"taxonomy":"category","embeddable":true,"href":"https:\/\/elinformante.mx\/index.php?rest_route=%2Fwp%2Fv2%2Fcategories&post=101001"},{"taxonomy":"post_tag","embeddable":true,"href":"https:\/\/elinformante.mx\/index.php?rest_route=%2Fwp%2Fv2%2Ftags&post=101001"}],"curies":[{"name":"wp","href":"https:\/\/api.w.org\/{rel}","templated":true}]}}