{"id":101008,"date":"2026-03-05T07:24:18","date_gmt":"2026-03-05T13:24:18","guid":{"rendered":"https:\/\/elinformante.mx\/?p=101008"},"modified":"2026-03-05T07:24:23","modified_gmt":"2026-03-05T13:24:23","slug":"se-realiza-en-edomex-el-primer-traslado-de-tejido-mediante-la-estrategia-ola-verde","status":"publish","type":"post","link":"https:\/\/elinformante.mx\/?p=101008","title":{"rendered":"Se realiza en Edom\u00e9x el primer traslado de tejido mediante la estrategia \u201cOla Verde\u201d"},"content":{"rendered":"\n<figure class=\"wp-block-pullquote\"><blockquote><p>-El primer traslado se efectu\u00f3 entre el Centro M\u00e9dico \u201cLic. Adolfo L\u00f3pez Mateos\u201d y el Centro M\u00e9dico \u201cLic. Arturo Montiel Rojas\u201d del ISSEMYM, en Toluca.<\/p><\/blockquote><\/figure>\n\n\n\n<p class=\"has-drop-cap\">Para mejorar la coordinaci\u00f3n interinstitucional para el traslado prioritario, seguro y oportuno de \u00f3rganos y tejidos desde las unidades m\u00e9dicas donde se encuentran los donadores, hacia los hospitales receptores, el Gobierno del Estado de M\u00e9xico inici\u00f3 la Estrategia Ola Verde con el primer traslado de tejido realizado en seis minutos, del Centro M\u00e9dico \u201cLic. Adolfo L\u00f3pez Mateos\u201d al Centro M\u00e9dico \u201cLic. Arturo Montiel Rojas\u201d del ISSEMYM, en Toluca.<br><\/p>\n\n\n\n<p>Al respecto, Macarena Montoya Olvera, Secretaria de Salud, indic\u00f3 que en esta acci\u00f3n participan la Secretar\u00eda General de Gobierno, la Secretar\u00eda de Seguridad, la Oficial\u00eda Mayor, la Cruz Roja Mexicana y autoridades municipales, bajo una visi\u00f3n de atenci\u00f3n m\u00e9dica integral y con enfoque humano.<br><\/p>\n\n\n\n<p>\u201cEste proyecto da cabida a un acto de equidad, de justicia social y refleja el compromiso compartido por edificar un sistema de salud m\u00e1s humano, eficiente y cercano. Porque cuando el servicio p\u00fablico se ejerce con convicci\u00f3n y sensibilidad, entonces diremos que s\u00ed estamos cambiando destinos\u201d, refiri\u00f3 la funcionaria estatal.<br><\/p>\n\n\n\n<figure class=\"wp-block-image size-large\"><img fetchpriority=\"high\" decoding=\"async\" width=\"1024\" height=\"506\" src=\"https:\/\/elinformante.mx\/wp-content\/uploads\/2026\/03\/7se-realiza-2-1024x506.jpg\" alt=\"\" class=\"wp-image-101013\" srcset=\"https:\/\/elinformante.mx\/wp-content\/uploads\/2026\/03\/7se-realiza-2-1024x506.jpg 1024w, https:\/\/elinformante.mx\/wp-content\/uploads\/2026\/03\/7se-realiza-2-300x148.jpg 300w, https:\/\/elinformante.mx\/wp-content\/uploads\/2026\/03\/7se-realiza-2-768x379.jpg 768w, https:\/\/elinformante.mx\/wp-content\/uploads\/2026\/03\/7se-realiza-2.jpg 1140w\" sizes=\"(max-width: 1024px) 100vw, 1024px\" \/><\/figure>\n\n\n\n<p>Explic\u00f3 que en la Estrategia Ola Verde, las ambulancias se identifican con una luz verde frontal para facilitar su reconocimiento y paso preferente. La operaci\u00f3n se coordina desde el Centro Estatal de Trasplantes del Estado de M\u00e9xico (CETRAEM), que determina si el traslado se realiza por v\u00eda terrestre o a\u00e9rea, con apoyo del Centro Regulador de Urgencias M\u00e9dicas (CRUM), del Servicio de Urgencias del Estado de M\u00e9xico (SUEM), corporaciones de seguridad, Protecci\u00f3n Civil, bomberos, Cruz Roja Mexicana y la Coordinaci\u00f3n de Servicios Auxiliares a Contingencias y Emergencias, mejor conocida como \u201cGrupo Rel\u00e1mpagos\u201d.<br><\/p>\n\n\n\n<p>Montoya Olvera se\u00f1al\u00f3 que la estrategia se articula con el \u201cC\u00f3digo Vida\u201d para agilizar la comunicaci\u00f3n entre instituciones y reducir hasta en 50 por ciento los tiempos de traslado, lo que incide de manera directa en la preservaci\u00f3n de \u00f3rganos y en mayores posibilidades de recuperaci\u00f3n. En lo que va del a\u00f1o se han realizado 11 trasplantes en la entidad: cinco de c\u00f3rnea, cinco de ri\u00f1\u00f3n y uno de h\u00edgado.<br><\/p>\n\n\n\n<p>Por su parte, el titular del CETRAEM, Gildardo Cort\u00e9s Juli\u00e1n, afirm\u00f3 que la estrategia representa un modelo log\u00edstico que fortalece la atenci\u00f3n a pacientes en espera de trasplante dentro y fuera del estado.<br><\/p>\n\n\n\n<p>En tanto, el coordinador del IMSS-Bienestar en el Estado de M\u00e9xico, Nat\u00e1n Enr\u00edquez R\u00edos, destac\u00f3 que la colaboraci\u00f3n interinstitucional resulta indispensable en un proceso donde cada minuto es determinante.<\/p>\n","protected":false},"excerpt":{"rendered":"<p>-El primer traslado se efectu\u00f3 entre el Centro M\u00e9dico \u201cLic. Adolfo L\u00f3pez Mateos\u201d y el Centro M\u00e9dico \u201cLic. Arturo Montiel Rojas\u201d del ISSEMYM, en Toluca. Para mejorar la coordinaci\u00f3n interinstitucional para el traslado prioritario, seguro y oportuno de \u00f3rganos y tejidos desde las unidades m\u00e9dicas donde se encuentran los donadores, hacia los hospitales receptores, el [&hellip;]<\/p>\n","protected":false},"author":1,"featured_media":101012,"comment_status":"closed","ping_status":"closed","sticky":false,"template":"","format":"standard","meta":{"footnotes":""},"categories":[36],"tags":[],"class_list":["post-101008","post","type-post","status-publish","format-standard","has-post-thumbnail","hentry","category-edomex"],"_links":{"self":[{"href":"https:\/\/elinformante.mx\/index.php?rest_route=\/wp\/v2\/posts\/101008","targetHints":{"allow":["GET"]}}],"collection":[{"href":"https:\/\/elinformante.mx\/index.php?rest_route=\/wp\/v2\/posts"}],"about":[{"href":"https:\/\/elinformante.mx\/index.php?rest_route=\/wp\/v2\/types\/post"}],"author":[{"embeddable":true,"href":"https:\/\/elinformante.mx\/index.php?rest_route=\/wp\/v2\/users\/1"}],"replies":[{"embeddable":true,"href":"https:\/\/elinformante.mx\/index.php?rest_route=%2Fwp%2Fv2%2Fcomments&post=101008"}],"version-history":[{"count":0,"href":"https:\/\/elinformante.mx\/index.php?rest_route=\/wp\/v2\/posts\/101008\/revisions"}],"wp:featuredmedia":[{"embeddable":true,"href":"https:\/\/elinformante.mx\/index.php?rest_route=\/wp\/v2\/media\/101012"}],"wp:attachment":[{"href":"https:\/\/elinformante.mx\/index.php?rest_route=%2Fwp%2Fv2%2Fmedia&parent=101008"}],"wp:term":[{"taxonomy":"category","embeddable":true,"href":"https:\/\/elinformante.mx\/index.php?rest_route=%2Fwp%2Fv2%2Fcategories&post=101008"},{"taxonomy":"post_tag","embeddable":true,"href":"https:\/\/elinformante.mx\/index.php?rest_route=%2Fwp%2Fv2%2Ftags&post=101008"}],"curies":[{"name":"wp","href":"https:\/\/api.w.org\/{rel}","templated":true}]}}