{"id":101011,"date":"2026-03-05T07:26:24","date_gmt":"2026-03-05T13:26:24","guid":{"rendered":"https:\/\/elinformante.mx\/?p=101011"},"modified":"2026-03-05T07:26:28","modified_gmt":"2026-03-05T13:26:28","slug":"invita-gem-a-estudiantes-a-sumarse-al-servicio-social-comunitario-para-el-bienestar-2026","status":"publish","type":"post","link":"https:\/\/elinformante.mx\/?p=101011","title":{"rendered":"Invita GEM a estudiantes a sumarse al Servicio Social Comunitario para el Bienestar 2026"},"content":{"rendered":"\n<figure class=\"wp-block-pullquote\"><blockquote><p>-La convocatoria estar\u00e1 vigente hasta el 5 de marzo de 2026; las y los participantes recibir\u00e1n un est\u00edmulo econ\u00f3mico mensual de hasta mil 100 pesos durante medio a\u00f1o.<\/p><\/blockquote><\/figure>\n\n\n\n<p class=\"has-drop-cap\">El Gobierno del Estado de M\u00e9xico, a trav\u00e9s de la Secretar\u00eda de Educaci\u00f3n, Ciencia, Tecnolog\u00eda e Innovaci\u00f3n (SECTI), invita a las y los estudiantes de Educaci\u00f3n Media Superior T\u00e9cnico y Superior de instituciones p\u00fablicas de la entidad a participar en el Programa de Servicio Social Comunitario para el Bienestar, iniciativa que promueve la solidaridad y el compromiso social en los 125 municipios mexiquenses.<br><\/p>\n\n\n\n<p>El programa est\u00e1 dirigido a estudiantes que hayan acreditado al menos el 50% de su plan de estudios, radiquen en el municipio donde prestar\u00e1n su servicio social dentro del Estado de M\u00e9xico y deseen contribuir al desarrollo de comunidades en condiciones de marginaci\u00f3n, aplicando los conocimientos adquiridos en el aula.<br><\/p>\n\n\n\n<p>Las personas participantes recibir\u00e1n un est\u00edmulo econ\u00f3mico mensual de acuerdo con el tipo educativo que cursan: 900 pesos para nivel medio superior t\u00e9cnico; mil pesos para nivel t\u00e9cnico superior universitario; y mil 100 pesos para nivel licenciatura, como apoyo a su labor comunitaria durante seis meses.<br><\/p>\n\n\n\n<figure class=\"wp-block-image size-large\"><img fetchpriority=\"high\" decoding=\"async\" width=\"1024\" height=\"506\" src=\"https:\/\/elinformante.mx\/wp-content\/uploads\/2026\/03\/7invita-1-1024x506.jpg\" alt=\"\" class=\"wp-image-101016\" srcset=\"https:\/\/elinformante.mx\/wp-content\/uploads\/2026\/03\/7invita-1-1024x506.jpg 1024w, https:\/\/elinformante.mx\/wp-content\/uploads\/2026\/03\/7invita-1-300x148.jpg 300w, https:\/\/elinformante.mx\/wp-content\/uploads\/2026\/03\/7invita-1-768x379.jpg 768w, https:\/\/elinformante.mx\/wp-content\/uploads\/2026\/03\/7invita-1.jpg 1140w\" sizes=\"(max-width: 1024px) 100vw, 1024px\" \/><\/figure>\n\n\n\n<p>El proceso de inscripci\u00f3n concluir\u00e1 este 5 de marzo de 2026, por lo que estudiantes interesados deber\u00e1n registrarse en la plataforma correspondiente a su tipo educativo: Medio Superior T\u00e9cnico en https:\/\/intranet.edugem.gob.mx\/serviciosocialedugem\/login.aspx y Tipo Superior en https:\/\/sscomunitariobienestar.edugem.gob.mx\/login.aspx, capturar los datos necesarios para la emisi\u00f3n de la Solicitud de Inscripci\u00f3n, acudir a la entrevista y valoraci\u00f3n de competencias en su instituci\u00f3n educativa.<br><\/p>\n\n\n\n<p>Tambi\u00e9n deber\u00e1n presentar la documentaci\u00f3n requerida, como carta de presentaci\u00f3n expedida por su plantel, CURP y, en su caso, identificaci\u00f3n oficial vigente y comprobante de residencia en el Estado de M\u00e9xico. La preselecci\u00f3n e inscripci\u00f3n se realizar\u00e1 en cada instituci\u00f3n educativa; los resultados se dar\u00e1n a conocer a partir del 13 de marzo de 2026, a trav\u00e9s de la Unidad de Planeaci\u00f3n y Escuelas Incorporadas, mediante los medios que determinen los propios planteles.<br><\/p>\n\n\n\n<p>Las bases completas de la convocatoria pueden consultarse en el sitio oficial https:\/\/secti.edomex.gob.mx\/servicio-social-comunitario-bienestar.<br><\/p>\n\n\n\n<p>Para dudas o mayor informaci\u00f3n, las y los estudiantes pueden comunicarse a la Unidad de Planeaci\u00f3n y Escuelas Incorporadas al tel\u00e9fono (722) 2 15 86 54 o al correo electr\u00f3nico serviciosocialcomunitario.ms@edugem.gob.mx, en un horario de atenci\u00f3n de lunes a viernes de 9:00 a 18:00 horas.<\/p>\n","protected":false},"excerpt":{"rendered":"<p>-La convocatoria estar\u00e1 vigente hasta el 5 de marzo de 2026; las y los participantes recibir\u00e1n un est\u00edmulo econ\u00f3mico mensual de hasta mil 100 pesos durante medio a\u00f1o. El Gobierno del Estado de M\u00e9xico, a trav\u00e9s de la Secretar\u00eda de Educaci\u00f3n, Ciencia, Tecnolog\u00eda e Innovaci\u00f3n (SECTI), invita a las y los estudiantes de Educaci\u00f3n Media [&hellip;]<\/p>\n","protected":false},"author":1,"featured_media":101015,"comment_status":"closed","ping_status":"closed","sticky":false,"template":"","format":"standard","meta":{"footnotes":""},"categories":[30,36],"tags":[],"class_list":["post-101011","post","type-post","status-publish","format-standard","has-post-thumbnail","hentry","category-destacado","category-edomex"],"_links":{"self":[{"href":"https:\/\/elinformante.mx\/index.php?rest_route=\/wp\/v2\/posts\/101011","targetHints":{"allow":["GET"]}}],"collection":[{"href":"https:\/\/elinformante.mx\/index.php?rest_route=\/wp\/v2\/posts"}],"about":[{"href":"https:\/\/elinformante.mx\/index.php?rest_route=\/wp\/v2\/types\/post"}],"author":[{"embeddable":true,"href":"https:\/\/elinformante.mx\/index.php?rest_route=\/wp\/v2\/users\/1"}],"replies":[{"embeddable":true,"href":"https:\/\/elinformante.mx\/index.php?rest_route=%2Fwp%2Fv2%2Fcomments&post=101011"}],"version-history":[{"count":0,"href":"https:\/\/elinformante.mx\/index.php?rest_route=\/wp\/v2\/posts\/101011\/revisions"}],"wp:featuredmedia":[{"embeddable":true,"href":"https:\/\/elinformante.mx\/index.php?rest_route=\/wp\/v2\/media\/101015"}],"wp:attachment":[{"href":"https:\/\/elinformante.mx\/index.php?rest_route=%2Fwp%2Fv2%2Fmedia&parent=101011"}],"wp:term":[{"taxonomy":"category","embeddable":true,"href":"https:\/\/elinformante.mx\/index.php?rest_route=%2Fwp%2Fv2%2Fcategories&post=101011"},{"taxonomy":"post_tag","embeddable":true,"href":"https:\/\/elinformante.mx\/index.php?rest_route=%2Fwp%2Fv2%2Ftags&post=101011"}],"curies":[{"name":"wp","href":"https:\/\/api.w.org\/{rel}","templated":true}]}}