{"id":101017,"date":"2026-03-05T07:45:41","date_gmt":"2026-03-05T13:45:41","guid":{"rendered":"https:\/\/elinformante.mx\/?p=101017"},"modified":"2026-03-05T07:45:46","modified_gmt":"2026-03-05T13:45:46","slug":"gana-ricardo-moreno-galardon-por-toluca-se-pone-guapa","status":"publish","type":"post","link":"https:\/\/elinformante.mx\/?p=101017","title":{"rendered":"Gana Ricardo Moreno galard\u00f3n por \u201cToluca se pone guapa\u201d"},"content":{"rendered":"\n<figure class=\"wp-block-pullquote\"><blockquote><p>-La ACCM resalta la calidad, el impacto y la innovaci\u00f3n de propuestas que superaron los est\u00e1ndares m\u00e1s exigentes de evaluaci\u00f3n.<\/p><\/blockquote><\/figure>\n\n\n\n<p class=\"has-drop-cap\">Con el programa Toluca se pone guapa, se reafirma el liderazgo del presidente municipal, Ricardo Moreno, quien obtuvo un premio especial dentro de la segunda edici\u00f3n del distintivo a la Excelencia Municipal por la Asociaci\u00f3n de Ciudades Capitales de M\u00e9xico (ACCM) 2025.<br><\/p>\n\n\n\n<figure class=\"wp-block-image size-large\"><img fetchpriority=\"high\" decoding=\"async\" width=\"1024\" height=\"506\" src=\"https:\/\/elinformante.mx\/wp-content\/uploads\/2026\/03\/8RICARDO-3-1024x506.jpg\" alt=\"\" class=\"wp-image-101022\" srcset=\"https:\/\/elinformante.mx\/wp-content\/uploads\/2026\/03\/8RICARDO-3-1024x506.jpg 1024w, https:\/\/elinformante.mx\/wp-content\/uploads\/2026\/03\/8RICARDO-3-300x148.jpg 300w, https:\/\/elinformante.mx\/wp-content\/uploads\/2026\/03\/8RICARDO-3-768x379.jpg 768w, https:\/\/elinformante.mx\/wp-content\/uploads\/2026\/03\/8RICARDO-3.jpg 1140w\" sizes=\"(max-width: 1024px) 100vw, 1024px\" \/><\/figure>\n\n\n\n<p>Con este reconocimiento se consolida el compromiso del Ayuntamiento con la ciudadan\u00eda, pues de los 55 proyectos presentados por 21 capitales del pa\u00eds, solo 23 lograron calificar como semifinalistas y, al cierre del certamen, se otorgaron nueve distintivos a la excelencia municipal y \u00fanicamente seis recibieron el Premio Especial.<br><\/p>\n\n\n\n<p>Este galard\u00f3n tiene una finalidad distinta y complementaria, dise\u00f1ada para resaltar la calidad, el impacto y la innovaci\u00f3n t\u00e9cnica de propuestas que, como la de Toluca, superaron los est\u00e1ndares m\u00e1s exigentes de evaluaci\u00f3n.<br><\/p>\n\n\n\n<figure class=\"wp-block-image size-large\"><img decoding=\"async\" width=\"1024\" height=\"506\" src=\"https:\/\/elinformante.mx\/wp-content\/uploads\/2026\/03\/8RICARDO-2-1024x506.jpg\" alt=\"\" class=\"wp-image-101023\" srcset=\"https:\/\/elinformante.mx\/wp-content\/uploads\/2026\/03\/8RICARDO-2-1024x506.jpg 1024w, https:\/\/elinformante.mx\/wp-content\/uploads\/2026\/03\/8RICARDO-2-300x148.jpg 300w, https:\/\/elinformante.mx\/wp-content\/uploads\/2026\/03\/8RICARDO-2-768x379.jpg 768w, https:\/\/elinformante.mx\/wp-content\/uploads\/2026\/03\/8RICARDO-2.jpg 1140w\" sizes=\"(max-width: 1024px) 100vw, 1024px\" \/><\/figure>\n\n\n\n<p>En representaci\u00f3n del alcalde toluque\u00f1o, el Coordinador de Relaciones P\u00fablicas, Hugo Mauricio Garc\u00eda, recibi\u00f3 el distintivo en una ceremonia protocolaria encabezada por el Gobernador de Coahuila, Manolo Jim\u00e9nez, y por el Presidente Municipal de Saltillo, Javier D\u00edaz Gonz\u00e1lez, quien funge como presidente de la ACCM.<br><\/p>\n\n\n\n<p>El premio cuenta con el respaldo de la Konrad Adenauer Stiftung (KAS), fundaci\u00f3n pol\u00edtica alemana que promueve el desarrollo democr\u00e1tico y el fortalecimiento local a nivel global.<br><\/p>\n\n\n\n<figure class=\"wp-block-image size-large\"><img decoding=\"async\" width=\"1024\" height=\"506\" src=\"https:\/\/elinformante.mx\/wp-content\/uploads\/2026\/03\/8ricardo4-1024x506.jpg\" alt=\"\" class=\"wp-image-101024\" srcset=\"https:\/\/elinformante.mx\/wp-content\/uploads\/2026\/03\/8ricardo4-1024x506.jpg 1024w, https:\/\/elinformante.mx\/wp-content\/uploads\/2026\/03\/8ricardo4-300x148.jpg 300w, https:\/\/elinformante.mx\/wp-content\/uploads\/2026\/03\/8ricardo4-768x379.jpg 768w, https:\/\/elinformante.mx\/wp-content\/uploads\/2026\/03\/8ricardo4.jpg 1140w\" sizes=\"(max-width: 1024px) 100vw, 1024px\" \/><\/figure>\n\n\n\n<p>Asimismo, el programa PROLOCAL particip\u00f3 activamente en la estructura del certamen, mientras que el jurado calificador estuvo compuesto por instituciones de renombre como la Universidad Iberoamericana, el Instituto Universitario Ortega y Gasset, la Barra Mexicana, Colegio de Abogados, New Mexico Tech e ICLEI-Gobiernos Locales por la Sustentabilidad, quienes garantizan un proceso equitativo y transparente.<br><\/p>\n\n\n\n<p>Al evento fueron alcaldes de las principales capitales del pa\u00eds, entre ellos Raymundo Chagoya, de Oaxaca de Ju\u00e1rez; Yolanda Osuna Huerta, de Centro, Tabasco; Samantha Smith Guti\u00e9rrez, de Guanajuato; Marco Bonilla Mendoza, de Chihuahua; Jos\u00e9 Luis Uri\u00f3stegui Salgado, de Cuernavaca, y Enrique Galindo Ceballos, de San Luis Potos\u00ed, una concentraci\u00f3n de liderazgos que subraya la importancia del premio obtenido por Toluca, validado ante sus pares de todo M\u00e9xico su compromiso por atender las necesidades de la poblaci\u00f3n de manera proactiva.<\/p>\n","protected":false},"excerpt":{"rendered":"<p>-La ACCM resalta la calidad, el impacto y la innovaci\u00f3n de propuestas que superaron los est\u00e1ndares m\u00e1s exigentes de evaluaci\u00f3n. Con el programa Toluca se pone guapa, se reafirma el liderazgo del presidente municipal, Ricardo Moreno, quien obtuvo un premio especial dentro de la segunda edici\u00f3n del distintivo a la Excelencia Municipal por la Asociaci\u00f3n [&hellip;]<\/p>\n","protected":false},"author":1,"featured_media":101021,"comment_status":"closed","ping_status":"closed","sticky":false,"template":"","format":"standard","meta":{"footnotes":""},"categories":[30,36,31],"tags":[46],"class_list":["post-101017","post","type-post","status-publish","format-standard","has-post-thumbnail","hentry","category-destacado","category-edomex","category-portada","tag-portadaedomex"],"_links":{"self":[{"href":"https:\/\/elinformante.mx\/index.php?rest_route=\/wp\/v2\/posts\/101017","targetHints":{"allow":["GET"]}}],"collection":[{"href":"https:\/\/elinformante.mx\/index.php?rest_route=\/wp\/v2\/posts"}],"about":[{"href":"https:\/\/elinformante.mx\/index.php?rest_route=\/wp\/v2\/types\/post"}],"author":[{"embeddable":true,"href":"https:\/\/elinformante.mx\/index.php?rest_route=\/wp\/v2\/users\/1"}],"replies":[{"embeddable":true,"href":"https:\/\/elinformante.mx\/index.php?rest_route=%2Fwp%2Fv2%2Fcomments&post=101017"}],"version-history":[{"count":0,"href":"https:\/\/elinformante.mx\/index.php?rest_route=\/wp\/v2\/posts\/101017\/revisions"}],"wp:featuredmedia":[{"embeddable":true,"href":"https:\/\/elinformante.mx\/index.php?rest_route=\/wp\/v2\/media\/101021"}],"wp:attachment":[{"href":"https:\/\/elinformante.mx\/index.php?rest_route=%2Fwp%2Fv2%2Fmedia&parent=101017"}],"wp:term":[{"taxonomy":"category","embeddable":true,"href":"https:\/\/elinformante.mx\/index.php?rest_route=%2Fwp%2Fv2%2Fcategories&post=101017"},{"taxonomy":"post_tag","embeddable":true,"href":"https:\/\/elinformante.mx\/index.php?rest_route=%2Fwp%2Fv2%2Ftags&post=101017"}],"curies":[{"name":"wp","href":"https:\/\/api.w.org\/{rel}","templated":true}]}}