{"id":101025,"date":"2026-03-05T07:57:02","date_gmt":"2026-03-05T13:57:02","guid":{"rendered":"https:\/\/elinformante.mx\/?p=101025"},"modified":"2026-03-05T07:57:06","modified_gmt":"2026-03-05T13:57:06","slug":"inicia-en-ao-la-renovacion-de-la-avenida-de-la-paz-en-san-angel","status":"publish","type":"post","link":"https:\/\/elinformante.mx\/?p=101025","title":{"rendered":"Inicia en AO la renovaci\u00f3n de la Avenida de la Paz en San \u00c1ngel"},"content":{"rendered":"\n<figure class=\"wp-block-pullquote\"><blockquote><p>-Esta rehabilitaci\u00f3n forma parte del programa de actualizaci\u00f3n urbana.<\/p><\/blockquote><\/figure>\n\n\n\n<p class=\"has-drop-cap\">El alcalde Javier L\u00f3pez Casar\u00edn dio el banderazo a las obras que se llevar\u00e1n a cabo en Avenida de la Paz, como parte del programa de actualizaci\u00f3n de imagen urbana, cuya inversi\u00f3n asciende a 30 millones de pesos, para atenci\u00f3n de infraestructura y espacios p\u00fablicos en beneficio de la comunidad y del sector productivo de la demarcaci\u00f3n, recursos que se ejercer\u00e1n de manera programada durante la presente administraci\u00f3n.<br><\/p>\n\n\n\n<p>La intervenci\u00f3n contempla el retiro cuidadoso de la piedra \u00fanicamente para su recuperaci\u00f3n y reutilizaci\u00f3n, privilegiando acciones correctivas antes que sustituciones totales. Se conservar\u00e1n guarniciones, se rehabilitar\u00e1n luminarias y se reforzar\u00e1n los elementos que lo requieran sin alterar la lectura urbana del entorno.<br><\/p>\n\n\n\n<p>El alcalde reiter\u00f3 que no existe ninguna instrucci\u00f3n para retirar el empedrado. Por el contrario, el compromiso de la administraci\u00f3n es cuidar y preservar el patrimonio hist\u00f3rico de San \u00c1ngel.<br><\/p>\n\n\n\n<p>Entre las acciones previstas se encuentran la ampliaci\u00f3n de banquetas para mejorar el flujo peatonal. Adem\u00e1s de la integraci\u00f3n de jardineras a lo largo del espacio p\u00fablico, junto con la incorporaci\u00f3n de bah\u00edas de ascenso y descenso.<br><\/p>\n\n\n\n<p>Los cruces peatonales ser\u00e1n marcados con piedra recuperada, adem\u00e1s de la intervenci\u00f3n del parque existente bajo un criterio de recuperaci\u00f3n y puesta en valor.<br><\/p>\n\n\n\n<p>Se inform\u00f3 que desde hace un a\u00f1o se han realizado diversas reuniones con vecinos de colonias que cuentan con empedrado, con el objetivo de compartir las acciones de mantenimiento, luego de a\u00f1os de abandono en dichas vialidades.<br><\/p>\n\n\n\n<p>La Alcald\u00eda \u00c1lvaro Obreg\u00f3n reitera su disposici\u00f3n permanente al di\u00e1logo con la comunidad para aclarar dudas y fortalecer un proyecto que prioriza la preservaci\u00f3n del patrimonio hist\u00f3rico y la mejora de la calidad de vida de las personas que viven y transitan en la demarcaci\u00f3n.<\/p>\n","protected":false},"excerpt":{"rendered":"<p>-Esta rehabilitaci\u00f3n forma parte del programa de actualizaci\u00f3n urbana. El alcalde Javier L\u00f3pez Casar\u00edn dio el banderazo a las obras que se llevar\u00e1n a cabo en Avenida de la Paz, como parte del programa de actualizaci\u00f3n de imagen urbana, cuya inversi\u00f3n asciende a 30 millones de pesos, para atenci\u00f3n de infraestructura y espacios p\u00fablicos en [&hellip;]<\/p>\n","protected":false},"author":1,"featured_media":101029,"comment_status":"closed","ping_status":"closed","sticky":false,"template":"","format":"standard","meta":{"footnotes":""},"categories":[35,30],"tags":[],"class_list":["post-101025","post","type-post","status-publish","format-standard","has-post-thumbnail","hentry","category-cdmx","category-destacado"],"_links":{"self":[{"href":"https:\/\/elinformante.mx\/index.php?rest_route=\/wp\/v2\/posts\/101025","targetHints":{"allow":["GET"]}}],"collection":[{"href":"https:\/\/elinformante.mx\/index.php?rest_route=\/wp\/v2\/posts"}],"about":[{"href":"https:\/\/elinformante.mx\/index.php?rest_route=\/wp\/v2\/types\/post"}],"author":[{"embeddable":true,"href":"https:\/\/elinformante.mx\/index.php?rest_route=\/wp\/v2\/users\/1"}],"replies":[{"embeddable":true,"href":"https:\/\/elinformante.mx\/index.php?rest_route=%2Fwp%2Fv2%2Fcomments&post=101025"}],"version-history":[{"count":0,"href":"https:\/\/elinformante.mx\/index.php?rest_route=\/wp\/v2\/posts\/101025\/revisions"}],"wp:featuredmedia":[{"embeddable":true,"href":"https:\/\/elinformante.mx\/index.php?rest_route=\/wp\/v2\/media\/101029"}],"wp:attachment":[{"href":"https:\/\/elinformante.mx\/index.php?rest_route=%2Fwp%2Fv2%2Fmedia&parent=101025"}],"wp:term":[{"taxonomy":"category","embeddable":true,"href":"https:\/\/elinformante.mx\/index.php?rest_route=%2Fwp%2Fv2%2Fcategories&post=101025"},{"taxonomy":"post_tag","embeddable":true,"href":"https:\/\/elinformante.mx\/index.php?rest_route=%2Fwp%2Fv2%2Ftags&post=101025"}],"curies":[{"name":"wp","href":"https:\/\/api.w.org\/{rel}","templated":true}]}}