{"id":101028,"date":"2026-03-05T07:59:09","date_gmt":"2026-03-05T13:59:09","guid":{"rendered":"https:\/\/elinformante.mx\/?p=101028"},"modified":"2026-03-05T07:59:14","modified_gmt":"2026-03-05T13:59:14","slug":"realiza-styfe-foro-de-consulta-publica-sobre-las-transformaciones-del-trabajo-en-la-era-digital","status":"publish","type":"post","link":"https:\/\/elinformante.mx\/?p=101028","title":{"rendered":"Realiza STYFE Foro de consulta p\u00fablica sobre las transformaciones del trabajo en la era digital"},"content":{"rendered":"\n<figure class=\"wp-block-pullquote\"><blockquote><p>-El foro se realiz\u00f3 en cooperaci\u00f3n con la Secretar\u00eda de Desarrollo Econ\u00f3mico de la Ciudad de M\u00e9xico. <\/p><\/blockquote><\/figure>\n\n\n\n<p class=\"has-drop-cap\">La Secretar\u00eda de Trabajo y Fomento al Empleo (STyFE) llev\u00f3 a cabo el foro de consulta p\u00fablica con la tem\u00e1tica \u201cTransformaciones del trabajo en la era digital: Teletrabajo y plataformas digitales\u201d, como parte del proceso de consulta del Plan General de Desarrollo de la Ciudad de M\u00e9xico 2025-2045.<br><\/p>\n\n\n\n<p>El Foro se realiz\u00f3 en el Centro de Estudios Interculturales \u201cNezahualc\u00f3yotl\u201d, con el objetivo de analizar las transformaciones que experimenta el mundo del trabajo, como resultado de la innovaci\u00f3n tecnol\u00f3gica, la digitalizaci\u00f3n de los procesos productivos y las nuevas formas de organizaci\u00f3n del trabajo.<br><\/p>\n\n\n\n<p>In\u00e9s Gonz\u00e1lez Nicol\u00e1s, Secretaria de Trabajo y Fomento al Empleo de la Ciudad de M\u00e9xico, explic\u00f3 que en la actualidad se establecen diversas formas de relaci\u00f3n laboral de las y los trabajadores con las empresas donde predomina la innovaci\u00f3n tecnol\u00f3gica y la modernizaci\u00f3n de los procesos productivos a partir del internet y la inteligencia artificial.<br><\/p>\n\n\n\n<p>El foro se realiz\u00f3 en cooperaci\u00f3n con la Secretar\u00eda de Desarrollo Econ\u00f3mico de la Ciudad de M\u00e9xico. Durante su participaci\u00f3n, Manola Zabalza Aldama, Secretaria de Desarrollo Econ\u00f3mico de la Ciudad de M\u00e9xico, invit\u00f3 a los participantes a imaginar c\u00f3mo va a ser la Ciudad de M\u00e9xico en 20 a\u00f1os y c\u00f3mo se van a adaptar las nuevas tecnolog\u00edas para mejorar la productividad, crear m\u00e1s empleos de calidad y generar bienestar para todas y para todos.<br><\/p>\n\n\n\n<p>Se cont\u00f3 con la participaci\u00f3n de Beatriz Ming\u00fcer Cestelos, Directora Ejecutiva de An\u00e1lisis y Prospectiva Socioecon\u00f3mica de la Ciudad en el Instituto de Planeaci\u00f3n Democr\u00e1tica y Prospectiva, quien destac\u00f3 que en esta l\u00ednea de trabajo y econom\u00eda, la aspiraci\u00f3n en el Plan General de Desarrollo es tener un nuevo proyecto econ\u00f3mico para la capital del pa\u00eds, mucho m\u00e1s diversificado y descentralizado.<br><\/p>\n\n\n\n<p>Como parte del Foro de consulta p\u00fablica se realizaron tres mesas de trabajo simult\u00e1neas con las tem\u00e1ticas: \u201cEl trabajo ante los cambios tecnol\u00f3gicos\u201d, \u201cTeletrabajo y relaciones laborales\u201d, y \u201cPlataformas digitales y formalizaci\u00f3n laboral\u201d.<br><\/p>\n\n\n\n<p>Independientemente de la innovaci\u00f3n que alcance el mundo del trabajo en el largo plazo, es importante conservar el estatus legal de trabajador y trabajadora con lo cual se garantizan los derechos laborales establecidos en las normas nacionales e internacionales.<br><\/p>\n\n\n\n<p>La Secretar\u00eda de Trabajo y Fomento al Empleo realizar\u00e1 tres nuevos foros de consulta ciudadana, como parte del anunci\u00f3 de ampliaci\u00f3n del periodo de consulta del Plan General de Desarrollo, que realiz\u00f3 la Jefa de Gobierno, Clara Brugada Molina, con el fin de garantizar que m\u00e1s capitalinas y capitalinos compartan propuestas para orientar este plan a un horizonte de 20 a\u00f1os.<\/p>\n","protected":false},"excerpt":{"rendered":"<p>-El foro se realiz\u00f3 en cooperaci\u00f3n con la Secretar\u00eda de Desarrollo Econ\u00f3mico de la Ciudad de M\u00e9xico. La Secretar\u00eda de Trabajo y Fomento al Empleo (STyFE) llev\u00f3 a cabo el foro de consulta p\u00fablica con la tem\u00e1tica \u201cTransformaciones del trabajo en la era digital: Teletrabajo y plataformas digitales\u201d, como parte del proceso de consulta del [&hellip;]<\/p>\n","protected":false},"author":1,"featured_media":101031,"comment_status":"closed","ping_status":"closed","sticky":false,"template":"","format":"standard","meta":{"footnotes":""},"categories":[35],"tags":[],"class_list":["post-101028","post","type-post","status-publish","format-standard","has-post-thumbnail","hentry","category-cdmx"],"_links":{"self":[{"href":"https:\/\/elinformante.mx\/index.php?rest_route=\/wp\/v2\/posts\/101028","targetHints":{"allow":["GET"]}}],"collection":[{"href":"https:\/\/elinformante.mx\/index.php?rest_route=\/wp\/v2\/posts"}],"about":[{"href":"https:\/\/elinformante.mx\/index.php?rest_route=\/wp\/v2\/types\/post"}],"author":[{"embeddable":true,"href":"https:\/\/elinformante.mx\/index.php?rest_route=\/wp\/v2\/users\/1"}],"replies":[{"embeddable":true,"href":"https:\/\/elinformante.mx\/index.php?rest_route=%2Fwp%2Fv2%2Fcomments&post=101028"}],"version-history":[{"count":0,"href":"https:\/\/elinformante.mx\/index.php?rest_route=\/wp\/v2\/posts\/101028\/revisions"}],"wp:featuredmedia":[{"embeddable":true,"href":"https:\/\/elinformante.mx\/index.php?rest_route=\/wp\/v2\/media\/101031"}],"wp:attachment":[{"href":"https:\/\/elinformante.mx\/index.php?rest_route=%2Fwp%2Fv2%2Fmedia&parent=101028"}],"wp:term":[{"taxonomy":"category","embeddable":true,"href":"https:\/\/elinformante.mx\/index.php?rest_route=%2Fwp%2Fv2%2Fcategories&post=101028"},{"taxonomy":"post_tag","embeddable":true,"href":"https:\/\/elinformante.mx\/index.php?rest_route=%2Fwp%2Fv2%2Ftags&post=101028"}],"curies":[{"name":"wp","href":"https:\/\/api.w.org\/{rel}","templated":true}]}}