{"id":101034,"date":"2026-03-05T08:14:56","date_gmt":"2026-03-05T14:14:56","guid":{"rendered":"https:\/\/elinformante.mx\/?p=101034"},"modified":"2026-03-05T08:15:00","modified_gmt":"2026-03-05T14:15:00","slug":"tijuana-sede-del-circuito-nacional-de-festivales-por-la-paz-marina-del-pilar","status":"publish","type":"post","link":"https:\/\/elinformante.mx\/?p=101034","title":{"rendered":"Tijuana sede del circuito nacional de festivales por la paz: Marina del Pilar"},"content":{"rendered":"\n<figure class=\"wp-block-pullquote\"><blockquote><p>-El arranque estar\u00e1 amenizado por el concierto gratuito de Car\u00edn Le\u00f3n.<\/p><\/blockquote><\/figure>\n\n\n\n<p class=\"has-drop-cap\">Como parte de la Estrategia de Paz que impulsa la presidenta Claudia Sheinbaum Pardo, al acceso al arte y la cultura como herramientas para fortalecer el tejido social, la gobernadora Marina del Pilar Avila Olmeda anuncio que el pr\u00f3ximo 21 de marzo, el cantante Car\u00edn Le\u00f3n ofrecer\u00e1 un concierto gratuito en Tijuana, como parte del arranque del Circuito Nacional de Festivales por la Paz.<br><\/p>\n\n\n\n<p>\u201cEn Baja California hemos entendido que la paz no se decreta, la paz se construye todos los d\u00edas desde el territorio. Desde el inicio de nuestra administraci\u00f3n impulsamos esta estrategia, convencidos de que la paz no es solo ausencia de violencia, sino presencia de comunidad que brinda identidad y oportunidades para todas y todos\u201d, resalt\u00f3 la mandataria.<br><\/p>\n\n\n\n<p>Por su parte, la secretaria de Cultura Federal, Claudia Curiel de Icaza, se\u00f1al\u00f3 que \u201cdesde el a\u00f1o pasado tuvimos una primera colaboraci\u00f3n en el festival llamado Territorios por la Paz, el cual trabaja en los territorios, se realiza a lo largo de dos semanas en una programaci\u00f3n intensa en zonas prioritarias y atiende una poblaci\u00f3n muy alta de manera gratuita para la construcci\u00f3n de la paz\u201d.<br><\/p>\n\n\n\n<p>El anuncio es resultado del trabajo sostenido del Gobierno del Estado, a trav\u00e9s de la Secretar\u00eda de Cultura de Baja California, a cargo de Alma Delia \u00c1brego Ceballos, para garantizar acceso real al arte y la cultura para todas y todos.<br><\/p>\n\n\n\n<p>El Circuito Nacional de Festivales por la Paz consta de 200 festivales en las 32 entidades del pa\u00eds, con el prop\u00f3sito de llegar a cerca de siete millones de j\u00f3venes. La programaci\u00f3n contempla actividades culturales gratuitas y presentaciones musicales con perfiles regionales y urbanos.<br><\/p>\n\n\n\n<p>Para 2026 se contempla una ruta en distintas entidades como Estado de M\u00e9xico, Oaxaca y Puebla, con una programaci\u00f3n que incluye, entre otros g\u00e9neros, regional mexicano, jazz, banda tradicional, hip-hop, electr\u00f3nica y fusiones urbanas, adem\u00e1s de festivales ya existentes que se integran al circuito.<br><\/p>\n\n\n\n<p>La sede, horarios y log\u00edstica de acceso del concierto en Tijuana, as\u00ed como la programaci\u00f3n completa del festival Territorios de Paz, se dar\u00e1n a conocer a trav\u00e9s de los canales oficiales de la Secretar\u00eda de Cultura del Gobierno de M\u00e9xico y del Gobierno de Baja California.<\/p>\n","protected":false},"excerpt":{"rendered":"<p>-El arranque estar\u00e1 amenizado por el concierto gratuito de Car\u00edn Le\u00f3n. Como parte de la Estrategia de Paz que impulsa la presidenta Claudia Sheinbaum Pardo, al acceso al arte y la cultura como herramientas para fortalecer el tejido social, la gobernadora Marina del Pilar Avila Olmeda anuncio que el pr\u00f3ximo 21 de marzo, el cantante [&hellip;]<\/p>\n","protected":false},"author":1,"featured_media":101038,"comment_status":"closed","ping_status":"closed","sticky":false,"template":"","format":"standard","meta":{"footnotes":""},"categories":[30,34],"tags":[],"class_list":["post-101034","post","type-post","status-publish","format-standard","has-post-thumbnail","hentry","category-destacado","category-nacional"],"_links":{"self":[{"href":"https:\/\/elinformante.mx\/index.php?rest_route=\/wp\/v2\/posts\/101034","targetHints":{"allow":["GET"]}}],"collection":[{"href":"https:\/\/elinformante.mx\/index.php?rest_route=\/wp\/v2\/posts"}],"about":[{"href":"https:\/\/elinformante.mx\/index.php?rest_route=\/wp\/v2\/types\/post"}],"author":[{"embeddable":true,"href":"https:\/\/elinformante.mx\/index.php?rest_route=\/wp\/v2\/users\/1"}],"replies":[{"embeddable":true,"href":"https:\/\/elinformante.mx\/index.php?rest_route=%2Fwp%2Fv2%2Fcomments&post=101034"}],"version-history":[{"count":0,"href":"https:\/\/elinformante.mx\/index.php?rest_route=\/wp\/v2\/posts\/101034\/revisions"}],"wp:featuredmedia":[{"embeddable":true,"href":"https:\/\/elinformante.mx\/index.php?rest_route=\/wp\/v2\/media\/101038"}],"wp:attachment":[{"href":"https:\/\/elinformante.mx\/index.php?rest_route=%2Fwp%2Fv2%2Fmedia&parent=101034"}],"wp:term":[{"taxonomy":"category","embeddable":true,"href":"https:\/\/elinformante.mx\/index.php?rest_route=%2Fwp%2Fv2%2Fcategories&post=101034"},{"taxonomy":"post_tag","embeddable":true,"href":"https:\/\/elinformante.mx\/index.php?rest_route=%2Fwp%2Fv2%2Ftags&post=101034"}],"curies":[{"name":"wp","href":"https:\/\/api.w.org\/{rel}","templated":true}]}}