{"id":101037,"date":"2026-03-05T08:18:32","date_gmt":"2026-03-05T14:18:32","guid":{"rendered":"https:\/\/elinformante.mx\/?p=101037"},"modified":"2026-03-05T08:18:36","modified_gmt":"2026-03-05T14:18:36","slug":"ventas-de-autos-en-mexico-crecieron-4-4-en-primer-bimestre-del-ano","status":"publish","type":"post","link":"https:\/\/elinformante.mx\/?p=101037","title":{"rendered":"Ventas de autos en M\u00e9xico crecieron 4.4% en primer bimestre del a\u00f1o"},"content":{"rendered":"\n<figure class=\"wp-block-pullquote\"><blockquote><p>-Se vendieron en dos meses alrededor de 250 mil 76 veh\u00edculos ligeros nuevos.<\/p><\/blockquote><\/figure>\n\n\n\n<p class=\"has-drop-cap\">La industria automotriz mexicana inici\u00f3 2026 con el mejor primer bimestre desde que el Instituto Nacional de Estad\u00edstica y Geograf\u00eda (INEGI) comenz\u00f3 a recopilar el Registro Administrativo de la Industria Automotriz de Veh\u00edculos Ligeros en 2005.<br><\/p>\n\n\n\n<p>En el primer bimestre del a\u00f1o se vendieron 250 mil 76 veh\u00edculos ligeros nuevos, lo que represent\u00f3 un crecimiento anual de 4.4% frente al mismo periodo de 2025, cuando se comercializaron 239 mil 555 unidades. Esta cifra se convirti\u00f3 en el nivel m\u00e1s alto para un arranque de a\u00f1o en m\u00e1s de dos d\u00e9cadas.<br><\/p>\n\n\n\n<p>Guillermo Rosales Z\u00e1rate, presidente ejecutivo de la Asociaci\u00f3n Mexicana de Distribuidores de Automotores (AMDA), destac\u00f3 que el acumulado del primer bimestre de 2026 marca un r\u00e9cord de ventas y que febrero se ubic\u00f3 como el segundo mes de febrero m\u00e1s alto en el comparativo hist\u00f3rico.<br><\/p>\n\n\n\n<p>Se\u00f1alaron que durante febrero se comercializaron 118 mil 297 unidades, lo que represent\u00f3 una disminuci\u00f3n anual de 0.3% respecto al mismo mes de 2025, equivalente a 305 veh\u00edculos menos. No obstante, el resultado se posicion\u00f3 como el segundo febrero con mayor volumen de ventas en registro, lo que permiti\u00f3 mantener un arranque s\u00f3lido en el a\u00f1o.<br><\/p>\n\n\n\n<p>En comparaci\u00f3n con enero de 2026, se registr\u00f3 una disminuci\u00f3n de 13 mil 482 unidades, es decir, una ca\u00edda mensual de 10.2%.<br><\/p>\n\n\n\n<p>El resultado tambi\u00e9n fue ligeramente inferior a la estimaci\u00f3n de la AMDA, que proyectaba 119 mil 926 unidades. La diferencia fue de 1.38% respecto al dato observado.<br><\/p>\n\n\n\n<p>Con estos resultados, la industria automotriz mexicana consolida un inicio de a\u00f1o hist\u00f3rico, en un entorno cada vez m\u00e1s competitivo y con mayor presencia de nuevas marcas internacionales.<\/p>\n","protected":false},"excerpt":{"rendered":"<p>-Se vendieron en dos meses alrededor de 250 mil 76 veh\u00edculos ligeros nuevos. La industria automotriz mexicana inici\u00f3 2026 con el mejor primer bimestre desde que el Instituto Nacional de Estad\u00edstica y Geograf\u00eda (INEGI) comenz\u00f3 a recopilar el Registro Administrativo de la Industria Automotriz de Veh\u00edculos Ligeros en 2005. En el primer bimestre del a\u00f1o [&hellip;]<\/p>\n","protected":false},"author":1,"featured_media":101040,"comment_status":"closed","ping_status":"closed","sticky":false,"template":"","format":"standard","meta":{"footnotes":""},"categories":[34],"tags":[],"class_list":["post-101037","post","type-post","status-publish","format-standard","has-post-thumbnail","hentry","category-nacional"],"_links":{"self":[{"href":"https:\/\/elinformante.mx\/index.php?rest_route=\/wp\/v2\/posts\/101037","targetHints":{"allow":["GET"]}}],"collection":[{"href":"https:\/\/elinformante.mx\/index.php?rest_route=\/wp\/v2\/posts"}],"about":[{"href":"https:\/\/elinformante.mx\/index.php?rest_route=\/wp\/v2\/types\/post"}],"author":[{"embeddable":true,"href":"https:\/\/elinformante.mx\/index.php?rest_route=\/wp\/v2\/users\/1"}],"replies":[{"embeddable":true,"href":"https:\/\/elinformante.mx\/index.php?rest_route=%2Fwp%2Fv2%2Fcomments&post=101037"}],"version-history":[{"count":0,"href":"https:\/\/elinformante.mx\/index.php?rest_route=\/wp\/v2\/posts\/101037\/revisions"}],"wp:featuredmedia":[{"embeddable":true,"href":"https:\/\/elinformante.mx\/index.php?rest_route=\/wp\/v2\/media\/101040"}],"wp:attachment":[{"href":"https:\/\/elinformante.mx\/index.php?rest_route=%2Fwp%2Fv2%2Fmedia&parent=101037"}],"wp:term":[{"taxonomy":"category","embeddable":true,"href":"https:\/\/elinformante.mx\/index.php?rest_route=%2Fwp%2Fv2%2Fcategories&post=101037"},{"taxonomy":"post_tag","embeddable":true,"href":"https:\/\/elinformante.mx\/index.php?rest_route=%2Fwp%2Fv2%2Ftags&post=101037"}],"curies":[{"name":"wp","href":"https:\/\/api.w.org\/{rel}","templated":true}]}}