{"id":101039,"date":"2026-03-05T08:27:50","date_gmt":"2026-03-05T14:27:50","guid":{"rendered":"https:\/\/elinformante.mx\/?p=101039"},"modified":"2026-03-05T08:27:54","modified_gmt":"2026-03-05T14:27:54","slug":"se-reunen-gabinete-de-seguridad-y-representantes-de-la-fifa","status":"publish","type":"post","link":"https:\/\/elinformante.mx\/?p=101039","title":{"rendered":"Se re\u00fanen Gabinete de Seguridad y representantes de la FIFA"},"content":{"rendered":"\n<figure class=\"wp-block-pullquote\"><blockquote><p>-Este encuentro marca el inicio de los protocolos de inteligencia y del despliegue operativo que se implementar\u00e1n durante este evento internacional<\/p><\/blockquote><\/figure>\n\n\n\n<p class=\"has-drop-cap\">Por instrucciones de la presidenta Claudia Sheinbaum Pardo y con el objetivo de coordinar la estrategia de seguridad durante la Copa Mundial de F\u00fatbol 2026, autoridades del Gobierno de M\u00e9xico, junto a representantes de la FIFA, instalaron una mesa de coordinaci\u00f3n estrat\u00e9gica para revisar los avances que permitir\u00e1n garantizar la integridad de asistentes y delegaciones internacionales.<br><\/p>\n\n\n\n<p>El secretario de Seguridad y Protecci\u00f3n Ciudadana, Omar Garc\u00eda Harfuch, se\u00f1al\u00f3 que este encuentro marca el inicio de los protocolos de inteligencia y del despliegue operativo que se implementar\u00e1n durante este evento internacional, donde participan todas las instituciones del Gabinete de Seguridad, as\u00ed como diversas dependencias federales y autoridades estatales.<br><\/p>\n\n\n\n<p>Indic\u00f3 que la reuni\u00f3n fue productiva y destac\u00f3 la coordinaci\u00f3n entre autoridades federales y locales de la Ciudad de M\u00e9xico, Nuevo Le\u00f3n y Jalisco, quienes estuvieron presentes en el encuentro, lo que permitir\u00e1 garantizar condiciones de seguridad para la poblaci\u00f3n y para quienes visiten el pa\u00eds durante la justa deportiva.<br><\/p>\n\n\n\n<p>Por su parte, el secretario de la Defensa Nacional, general Ricardo Trevilla Trejo, refiri\u00f3 que se est\u00e1 integrando una estrategia sin precedentes, basada en la coordinaci\u00f3n interinstitucional, que permitir\u00e1 fortalecer las capacidades operativas y consolidar condiciones adecuadas para la realizaci\u00f3n del evento, adem\u00e1s de proyectar a M\u00e9xico a nivel internacional.<br><\/p>\n\n\n\n<p>El almirante Raymundo Pedro Morales \u00c1ngeles, secretario de Marina, inform\u00f3 que se realizan trabajos para fortalecer los sistemas de seguridad, navegaci\u00f3n a\u00e9rea y control de accesos en el Aeropuerto Internacional de la Ciudad de M\u00e9xico (AICM), as\u00ed como en el Aeropuerto Internacional Felipe \u00c1ngeles (AIFA) y en los aeropuertos de Toluca y Cuernavaca.<br><\/p>\n\n\n\n<p>Indic\u00f3 que se fortalecen los mecanismos de seguridad y protecci\u00f3n portuaria, y se coordina con autoridades carreteras para garantizar el traslado seguro de los materiales que lleguen por v\u00eda mar\u00edtima.<br><\/p>\n\n\n\n<p>La secretaria de Gobernaci\u00f3n, Rosa Icela Rodr\u00edguez Vel\u00e1zquez, reiter\u00f3 el compromiso del Gobierno de M\u00e9xico de trabajar en coordinaci\u00f3n con la FIFA para garantizar la estancia de los visitantes durante el evento, mediante la agilizaci\u00f3n de procesos de visado, permisos y control migratorio, en conjunto con la Secretar\u00eda de Relaciones Exteriores (SRE), a fin de facilitar el ingreso, estancia y salida del pa\u00eds de todas las personas, empresas y entidades vinculadas al Mundial.<br><\/p>\n\n\n\n<p>El titular de la Secretar\u00eda de Seguridad Ciudadana (SSC) de la Ciudad de M\u00e9xico, Pablo V\u00e1zquez Camacho, destac\u00f3 el desarrollo de dispositivos especiales de seguridad para el traslado de jugadores, as\u00ed como la coordinaci\u00f3n en pol\u00edgonos, rutas y zonas estrat\u00e9gicas mediante equipos de acci\u00f3n que garantizar\u00e1n la integridad de los asistentes.<br><\/p>\n\n\n\n<p>Por parte de FIFA asistieron el director ejecutivo en M\u00e9xico, Jurgen Mainka; el director de Seguridad, Protecci\u00f3n y Accesos, Helmut Spahn; el director de Operaciones, Heimo Schirgi; el director de Protecci\u00f3n y Seguridad, GB Jones y el director ejecutivo de Protecci\u00f3n y Seguridad, Rodrigo Mart\u00ednez-Celis, quienes expresaron su reconocimiento al trabajo coordinado de las diferentes dependencias del Gobierno de M\u00e9xico para la organizaci\u00f3n de la Copa Mundial, particularmente en materia de seguridad en las sedes donde se realizar\u00e1n los partidos, y reiteraron su confianza en el avance de las acciones preparatorias.<br><\/p>\n\n\n\n<p>La coordinadora de los trabajos del Gobierno federal para el Mundial 2026, Gabriela Cuevas, se\u00f1al\u00f3 que desde el Gobierno de M\u00e9xico se ha trabajado para atender cada una de las inquietudes en coordinaci\u00f3n con el equipo de FIFA M\u00e9xico y destac\u00f3 la comunicaci\u00f3n permanente que se ha mantenido, la cual ha generado confianza de cara al desarrollo del evento.<br><\/p>\n\n\n\n<p>El titular de la Secretar\u00eda de Infraestructura, Comunicaciones y Transportes (SICT), Jes\u00fas Antonio Esteva Medina, expuso las alternativas de transporte y las se\u00f1alizaciones que se instalar\u00e1n en distintos puntos para facilitar el traslado de los visitantes.<\/p>\n","protected":false},"excerpt":{"rendered":"<p>-Este encuentro marca el inicio de los protocolos de inteligencia y del despliegue operativo que se implementar\u00e1n durante este evento internacional Por instrucciones de la presidenta Claudia Sheinbaum Pardo y con el objetivo de coordinar la estrategia de seguridad durante la Copa Mundial de F\u00fatbol 2026, autoridades del Gobierno de M\u00e9xico, junto a representantes de [&hellip;]<\/p>\n","protected":false},"author":1,"featured_media":101042,"comment_status":"closed","ping_status":"closed","sticky":false,"template":"","format":"standard","meta":{"footnotes":""},"categories":[30,34],"tags":[],"class_list":["post-101039","post","type-post","status-publish","format-standard","has-post-thumbnail","hentry","category-destacado","category-nacional"],"_links":{"self":[{"href":"https:\/\/elinformante.mx\/index.php?rest_route=\/wp\/v2\/posts\/101039","targetHints":{"allow":["GET"]}}],"collection":[{"href":"https:\/\/elinformante.mx\/index.php?rest_route=\/wp\/v2\/posts"}],"about":[{"href":"https:\/\/elinformante.mx\/index.php?rest_route=\/wp\/v2\/types\/post"}],"author":[{"embeddable":true,"href":"https:\/\/elinformante.mx\/index.php?rest_route=\/wp\/v2\/users\/1"}],"replies":[{"embeddable":true,"href":"https:\/\/elinformante.mx\/index.php?rest_route=%2Fwp%2Fv2%2Fcomments&post=101039"}],"version-history":[{"count":0,"href":"https:\/\/elinformante.mx\/index.php?rest_route=\/wp\/v2\/posts\/101039\/revisions"}],"wp:featuredmedia":[{"embeddable":true,"href":"https:\/\/elinformante.mx\/index.php?rest_route=\/wp\/v2\/media\/101042"}],"wp:attachment":[{"href":"https:\/\/elinformante.mx\/index.php?rest_route=%2Fwp%2Fv2%2Fmedia&parent=101039"}],"wp:term":[{"taxonomy":"category","embeddable":true,"href":"https:\/\/elinformante.mx\/index.php?rest_route=%2Fwp%2Fv2%2Fcategories&post=101039"},{"taxonomy":"post_tag","embeddable":true,"href":"https:\/\/elinformante.mx\/index.php?rest_route=%2Fwp%2Fv2%2Ftags&post=101039"}],"curies":[{"name":"wp","href":"https:\/\/api.w.org\/{rel}","templated":true}]}}