{"id":101052,"date":"2026-03-05T13:44:17","date_gmt":"2026-03-05T19:44:17","guid":{"rendered":"https:\/\/elinformante.mx\/?p=101052"},"modified":"2026-03-05T13:44:20","modified_gmt":"2026-03-05T19:44:20","slug":"f4llece-pedro-friedeberg-icono-del-surrealismo-mexicano-a-los-90-anos","status":"publish","type":"post","link":"https:\/\/elinformante.mx\/?p=101052","title":{"rendered":"F4llece Pedro Friedeberg, \u00edcono del surrealismo mexicano, a los 90 a\u00f1os"},"content":{"rendered":"\n<p>El artista visual Pedro Friedeberg, considerado uno de los grandes exponentes del surrealismo en M\u00e9xico, falleci\u00f3 a los 90 a\u00f1os en su domicilio en San Miguel de Allende, Guanajuato. La noticia fue confirmada por sus familiares a trav\u00e9s de un comunicado difundido en redes sociales, en el que informaron que el maestro muri\u00f3 acompa\u00f1ado de sus seres queridos y en un ambiente de tranquilidad.<\/p>\n\n\n\n<p>Friedeberg naci\u00f3 en Florencia, Italia, en 1936, pero lleg\u00f3 a M\u00e9xico cuando ten\u00eda apenas tres a\u00f1os, pa\u00eds donde desarroll\u00f3 una de las trayectorias m\u00e1s influyentes del arte contempor\u00e1neo. A lo largo de su carrera se distingui\u00f3 por un estilo \u00fanico que fusion\u00f3 elementos surrealistas, simbolismo y arquitectura fant\u00e1stica en esculturas, pinturas y objetos de dise\u00f1o.<\/p>\n\n\n\n<p>Su formaci\u00f3n comenz\u00f3 en la Universidad Iberoamericana, donde estudi\u00f3 Arquitectura, aunque decidi\u00f3 dedicarse plenamente al arte por recomendaci\u00f3n de su maestro Mathias Goeritz. Su primera exposici\u00f3n se realiz\u00f3 en 1959 en la Galer\u00eda Diana de la Ciudad de M\u00e9xico, marcando el inicio de una carrera que pronto trascendi\u00f3 fronteras.<\/p>\n\n\n\n<p>Entre sus obras m\u00e1s reconocidas destaca la famosa &#8220;Mano de Akhenat\u00f3n&#8221;, tambi\u00e9n conocida como la &#8220;Mano-silla&#8221;, creada en 1962 e inspirada en la iconograf\u00eda del antiguo Egipto. La pieza se convirti\u00f3 en un s\u00edmbolo del surrealismo mexicano y en uno de los objetos de arte m\u00e1s reconocibles del artista.<\/p>\n\n\n\n<p>El Instituto Nacional de Bellas Artes y Literatura (INBAL) lament\u00f3 su fallecimiento y destac\u00f3 que su legado art\u00edstico dej\u00f3 una huella profunda en la cultura mexicana. Con su muerte, el pa\u00eds pierde a una figura clave del arte contempor\u00e1neo, cuya obra contin\u00faa presente en museos, galer\u00edas y espacios p\u00fablicos.<\/p>\n","protected":false},"excerpt":{"rendered":"<p>El artista visual Pedro Friedeberg, considerado uno de los grandes exponentes del surrealismo en M\u00e9xico, falleci\u00f3 a los 90 a\u00f1os en su domicilio en San Miguel de Allende, Guanajuato. La noticia fue confirmada por sus familiares a trav\u00e9s de un comunicado difundido en redes sociales, en el que informaron que el maestro muri\u00f3 acompa\u00f1ado de [&hellip;]<\/p>\n","protected":false},"author":2,"featured_media":101053,"comment_status":"closed","ping_status":"closed","sticky":false,"template":"","format":"standard","meta":{"footnotes":""},"categories":[34],"tags":[],"class_list":["post-101052","post","type-post","status-publish","format-standard","has-post-thumbnail","hentry","category-nacional"],"_links":{"self":[{"href":"https:\/\/elinformante.mx\/index.php?rest_route=\/wp\/v2\/posts\/101052","targetHints":{"allow":["GET"]}}],"collection":[{"href":"https:\/\/elinformante.mx\/index.php?rest_route=\/wp\/v2\/posts"}],"about":[{"href":"https:\/\/elinformante.mx\/index.php?rest_route=\/wp\/v2\/types\/post"}],"author":[{"embeddable":true,"href":"https:\/\/elinformante.mx\/index.php?rest_route=\/wp\/v2\/users\/2"}],"replies":[{"embeddable":true,"href":"https:\/\/elinformante.mx\/index.php?rest_route=%2Fwp%2Fv2%2Fcomments&post=101052"}],"version-history":[{"count":0,"href":"https:\/\/elinformante.mx\/index.php?rest_route=\/wp\/v2\/posts\/101052\/revisions"}],"wp:featuredmedia":[{"embeddable":true,"href":"https:\/\/elinformante.mx\/index.php?rest_route=\/wp\/v2\/media\/101053"}],"wp:attachment":[{"href":"https:\/\/elinformante.mx\/index.php?rest_route=%2Fwp%2Fv2%2Fmedia&parent=101052"}],"wp:term":[{"taxonomy":"category","embeddable":true,"href":"https:\/\/elinformante.mx\/index.php?rest_route=%2Fwp%2Fv2%2Fcategories&post=101052"},{"taxonomy":"post_tag","embeddable":true,"href":"https:\/\/elinformante.mx\/index.php?rest_route=%2Fwp%2Fv2%2Ftags&post=101052"}],"curies":[{"name":"wp","href":"https:\/\/api.w.org\/{rel}","templated":true}]}}