{"id":101054,"date":"2026-03-05T16:13:18","date_gmt":"2026-03-05T22:13:18","guid":{"rendered":"https:\/\/elinformante.mx\/?p=101054"},"modified":"2026-03-05T16:13:21","modified_gmt":"2026-03-05T22:13:21","slug":"alarmas-en-el-america-victor-davila-sufre-fuerte-lesion-de-rodilla-en-pleno-partido","status":"publish","type":"post","link":"https:\/\/elinformante.mx\/?p=101054","title":{"rendered":"ALARMAS EN EL AM\u00c9RICA: V\u00edctor D\u00e1vila sufre fuerte lesi\u00f3n de rodilla en pleno partido"},"content":{"rendered":"\n<p>Momentos de tensi\u00f3n se vivieron en el Estadio Ciudad de los Deportes durante el encuentro entre Club Am\u00e9rica y FC Ju\u00e1rez correspondiente a la Jornada 9 del Clausura 2026 de la Liga BBVA MX, luego de que el delantero azulcrema V\u00edctor D\u00e1vila sufriera una fuerte lesi\u00f3n en la rodilla que encendi\u00f3 las alarmas en el equipo.<\/p>\n\n\n\n<p>La jugada ocurri\u00f3 minutos antes de que finalizara el primer tiempo, cuando el atacante recibi\u00f3 el bal\u00f3n y trat\u00f3 de girar para continuar la acci\u00f3n ofensiva. Sin embargo, su pie qued\u00f3 atorado en el c\u00e9sped, provocando que su rodilla se extendiera de manera brusca, situaci\u00f3n que de inmediato gener\u00f3 preocupaci\u00f3n entre los jugadores y el cuerpo t\u00e9cnico.<\/p>\n\n\n\n<p>Tras el incidente, D\u00e1vila qued\u00f3 tendido sobre el terreno de juego con evidentes gestos de dolor, lo que oblig\u00f3 al ingreso inmediato del cuerpo m\u00e9dico del Am\u00e9rica para brindarle atenci\u00f3n. El partido se detuvo moment\u00e1neamente mientras el futbolista era evaluado por los especialistas.<\/p>\n\n\n\n<p>Compa\u00f1eros y rivales observaron con preocupaci\u00f3n la escena mientras el delantero era atendido en el campo. Hasta el momento, el club no ha dado a conocer un parte m\u00e9dico oficial sobre la gravedad de la lesi\u00f3n ni el tiempo estimado de recuperaci\u00f3n.<\/p>\n\n\n\n<p>La jugada r\u00e1pidamente comenz\u00f3 a circular en redes sociales, donde aficionados del f\u00fatbol expresaron su preocupaci\u00f3n por el estado del jugador y esperan que el diagn\u00f3stico final no confirme una lesi\u00f3n de gravedad para el atacante del conjunto azulcrema.<\/p>\n","protected":false},"excerpt":{"rendered":"<p>Momentos de tensi\u00f3n se vivieron en el Estadio Ciudad de los Deportes durante el encuentro entre Club Am\u00e9rica y FC Ju\u00e1rez correspondiente a la Jornada 9 del Clausura 2026 de la Liga BBVA MX, luego de que el delantero azulcrema V\u00edctor D\u00e1vila sufriera una fuerte lesi\u00f3n en la rodilla que encendi\u00f3 las alarmas en el [&hellip;]<\/p>\n","protected":false},"author":2,"featured_media":101055,"comment_status":"closed","ping_status":"closed","sticky":false,"template":"","format":"standard","meta":{"footnotes":""},"categories":[1],"tags":[],"class_list":["post-101054","post","type-post","status-publish","format-standard","has-post-thumbnail","hentry","category-sin-categoria"],"_links":{"self":[{"href":"https:\/\/elinformante.mx\/index.php?rest_route=\/wp\/v2\/posts\/101054","targetHints":{"allow":["GET"]}}],"collection":[{"href":"https:\/\/elinformante.mx\/index.php?rest_route=\/wp\/v2\/posts"}],"about":[{"href":"https:\/\/elinformante.mx\/index.php?rest_route=\/wp\/v2\/types\/post"}],"author":[{"embeddable":true,"href":"https:\/\/elinformante.mx\/index.php?rest_route=\/wp\/v2\/users\/2"}],"replies":[{"embeddable":true,"href":"https:\/\/elinformante.mx\/index.php?rest_route=%2Fwp%2Fv2%2Fcomments&post=101054"}],"version-history":[{"count":0,"href":"https:\/\/elinformante.mx\/index.php?rest_route=\/wp\/v2\/posts\/101054\/revisions"}],"wp:featuredmedia":[{"embeddable":true,"href":"https:\/\/elinformante.mx\/index.php?rest_route=\/wp\/v2\/media\/101055"}],"wp:attachment":[{"href":"https:\/\/elinformante.mx\/index.php?rest_route=%2Fwp%2Fv2%2Fmedia&parent=101054"}],"wp:term":[{"taxonomy":"category","embeddable":true,"href":"https:\/\/elinformante.mx\/index.php?rest_route=%2Fwp%2Fv2%2Fcategories&post=101054"},{"taxonomy":"post_tag","embeddable":true,"href":"https:\/\/elinformante.mx\/index.php?rest_route=%2Fwp%2Fv2%2Ftags&post=101054"}],"curies":[{"name":"wp","href":"https:\/\/api.w.org\/{rel}","templated":true}]}}