{"id":101060,"date":"2026-03-05T16:15:57","date_gmt":"2026-03-05T22:15:57","guid":{"rendered":"https:\/\/elinformante.mx\/?p=101060"},"modified":"2026-03-05T16:16:02","modified_gmt":"2026-03-05T22:16:02","slug":"edomex-avala-panteones-ecologicos-para-reducir-impacto-ambiental-de-los-entierros","status":"publish","type":"post","link":"https:\/\/elinformante.mx\/?p=101060","title":{"rendered":"EDOM\u00c9X AVALA PANTEONES ECOL\u00d3GICOS PARA REDUCIR IMPACTO AMBIENTAL DE LOS ENTIERROS"},"content":{"rendered":"\n<p>El Congreso del Estado de M\u00e9xico aprob\u00f3 reformas para permitir la creaci\u00f3n de <strong>panteones ecol\u00f3gicos<\/strong>, espacios destinados a la inhumaci\u00f3n de restos humanos mediante pr\u00e1cticas ambientalmente responsables. La medida, avalada por el Pleno de la LXII Legislatura mexiquense, busca reducir el impacto ambiental de los m\u00e9todos tradicionales de entierro y cremaci\u00f3n.<\/p>\n\n\n\n<p>La iniciativa fue impulsada por la gobernadora <strong>Delfina G\u00f3mez \u00c1lvarez<\/strong> y plantea que la Secretar\u00eda del Medio Ambiente y Desarrollo Sostenible, en coordinaci\u00f3n con autoridades de salud estatales y municipales, promueva el establecimiento de estas zonas dentro de \u00e1reas de preservaci\u00f3n ecol\u00f3gica de los centros de poblaci\u00f3n.<\/p>\n\n\n\n<p>De acuerdo con la reforma, los panteones ecol\u00f3gicos permitir\u00e1n pr\u00e1cticas como <strong>entierros naturales, nichos verdes y el uso de materiales biodegradables<\/strong>, eliminando el empleo de concreto, m\u00e1rmol, metales pesados y sustancias qu\u00edmicas contaminantes como el formaldeh\u00eddo utilizado en embalsamamientos.<\/p>\n\n\n\n<p>Adem\u00e1s, estos espacios fomentar\u00e1n <strong>la reforestaci\u00f3n y la plantaci\u00f3n de \u00e1rboles<\/strong>, con el objetivo de que los sitios de descanso final tambi\u00e9n funcionen como \u00e1reas verdes o bosques conservados, favoreciendo la restauraci\u00f3n del suelo y la integraci\u00f3n natural de los cuerpos a la tierra.<\/p>\n\n\n\n<p>La legislaci\u00f3n establece que los municipios podr\u00e1n crear estos panteones directamente o mediante concesiones, siempre cumpliendo con criterios sanitarios, ambientales y de dise\u00f1o, adem\u00e1s de mantener un registro georreferenciado de las sepulturas y monitorear suelos y aguas para garantizar la protecci\u00f3n ambiental.<\/p>\n","protected":false},"excerpt":{"rendered":"<p>El Congreso del Estado de M\u00e9xico aprob\u00f3 reformas para permitir la creaci\u00f3n de panteones ecol\u00f3gicos, espacios destinados a la inhumaci\u00f3n de restos humanos mediante pr\u00e1cticas ambientalmente responsables. La medida, avalada por el Pleno de la LXII Legislatura mexiquense, busca reducir el impacto ambiental de los m\u00e9todos tradicionales de entierro y cremaci\u00f3n. La iniciativa fue impulsada [&hellip;]<\/p>\n","protected":false},"author":2,"featured_media":101061,"comment_status":"closed","ping_status":"closed","sticky":false,"template":"","format":"standard","meta":{"footnotes":""},"categories":[36,31],"tags":[],"class_list":["post-101060","post","type-post","status-publish","format-standard","has-post-thumbnail","hentry","category-edomex","category-portada"],"_links":{"self":[{"href":"https:\/\/elinformante.mx\/index.php?rest_route=\/wp\/v2\/posts\/101060","targetHints":{"allow":["GET"]}}],"collection":[{"href":"https:\/\/elinformante.mx\/index.php?rest_route=\/wp\/v2\/posts"}],"about":[{"href":"https:\/\/elinformante.mx\/index.php?rest_route=\/wp\/v2\/types\/post"}],"author":[{"embeddable":true,"href":"https:\/\/elinformante.mx\/index.php?rest_route=\/wp\/v2\/users\/2"}],"replies":[{"embeddable":true,"href":"https:\/\/elinformante.mx\/index.php?rest_route=%2Fwp%2Fv2%2Fcomments&post=101060"}],"version-history":[{"count":0,"href":"https:\/\/elinformante.mx\/index.php?rest_route=\/wp\/v2\/posts\/101060\/revisions"}],"wp:featuredmedia":[{"embeddable":true,"href":"https:\/\/elinformante.mx\/index.php?rest_route=\/wp\/v2\/media\/101061"}],"wp:attachment":[{"href":"https:\/\/elinformante.mx\/index.php?rest_route=%2Fwp%2Fv2%2Fmedia&parent=101060"}],"wp:term":[{"taxonomy":"category","embeddable":true,"href":"https:\/\/elinformante.mx\/index.php?rest_route=%2Fwp%2Fv2%2Fcategories&post=101060"},{"taxonomy":"post_tag","embeddable":true,"href":"https:\/\/elinformante.mx\/index.php?rest_route=%2Fwp%2Fv2%2Ftags&post=101060"}],"curies":[{"name":"wp","href":"https:\/\/api.w.org\/{rel}","templated":true}]}}