{"id":101063,"date":"2026-03-05T16:43:23","date_gmt":"2026-03-05T22:43:23","guid":{"rendered":"https:\/\/elinformante.mx\/?p=101063"},"modified":"2026-03-05T16:43:26","modified_gmt":"2026-03-05T22:43:26","slug":"saul-monreal-no-participara-en-encuestas-de-morena-para-gubernatura-de-zacatecas-en-2027","status":"publish","type":"post","link":"https:\/\/elinformante.mx\/?p=101063","title":{"rendered":"Sa\u00fal Monreal no participar\u00e1 en encuestas de Morena para gubernatura de Zacatecas en 2027"},"content":{"rendered":"\n<p>La dirigente nacional de Morena, Luisa Mar\u00eda Alcalde, confirm\u00f3 que el senador Sa\u00fal Monreal no podr\u00e1 participar en las encuestas internas del partido para definir la candidatura al gobierno de Zacatecas rumbo a las elecciones de 2027.<\/p>\n\n\n\n<p>En entrevista con la periodista Azucena Uresti, la l\u00edder morenista explic\u00f3 que esta decisi\u00f3n se deriva del acuerdo alcanzado en el Consejo Nacional de Morena para aplicar desde 2027 las medidas relacionadas con la reforma constitucional contra el nepotismo.<\/p>\n\n\n\n<p>Alcalde detall\u00f3 que, aunque la reforma establece su entrada en vigor formal hasta 2030, el partido decidi\u00f3 adelantar su aplicaci\u00f3n interna como parte de sus lineamientos pol\u00edticos y \u00e9ticos.<\/p>\n\n\n\n<p>En ese sentido, subray\u00f3 que la determinaci\u00f3n no solo aplica para Sa\u00fal Monreal, sino para cualquier familiar de gobernantes en funciones que pudiera buscar participar en procesos internos relacionados con el mismo cargo.<\/p>\n\n\n\n<p>La dirigente de Morena se\u00f1al\u00f3 que el objetivo de esta medida es fortalecer la transparencia y garantizar procesos internos m\u00e1s equitativos dentro del partido rumbo a las pr\u00f3ximas elecciones.<\/p>\n","protected":false},"excerpt":{"rendered":"<p>La dirigente nacional de Morena, Luisa Mar\u00eda Alcalde, confirm\u00f3 que el senador Sa\u00fal Monreal no podr\u00e1 participar en las encuestas internas del partido para definir la candidatura al gobierno de Zacatecas rumbo a las elecciones de 2027. En entrevista con la periodista Azucena Uresti, la l\u00edder morenista explic\u00f3 que esta decisi\u00f3n se deriva del acuerdo [&hellip;]<\/p>\n","protected":false},"author":2,"featured_media":101064,"comment_status":"closed","ping_status":"closed","sticky":false,"template":"","format":"standard","meta":{"footnotes":""},"categories":[34],"tags":[],"class_list":["post-101063","post","type-post","status-publish","format-standard","has-post-thumbnail","hentry","category-nacional"],"_links":{"self":[{"href":"https:\/\/elinformante.mx\/index.php?rest_route=\/wp\/v2\/posts\/101063","targetHints":{"allow":["GET"]}}],"collection":[{"href":"https:\/\/elinformante.mx\/index.php?rest_route=\/wp\/v2\/posts"}],"about":[{"href":"https:\/\/elinformante.mx\/index.php?rest_route=\/wp\/v2\/types\/post"}],"author":[{"embeddable":true,"href":"https:\/\/elinformante.mx\/index.php?rest_route=\/wp\/v2\/users\/2"}],"replies":[{"embeddable":true,"href":"https:\/\/elinformante.mx\/index.php?rest_route=%2Fwp%2Fv2%2Fcomments&post=101063"}],"version-history":[{"count":0,"href":"https:\/\/elinformante.mx\/index.php?rest_route=\/wp\/v2\/posts\/101063\/revisions"}],"wp:featuredmedia":[{"embeddable":true,"href":"https:\/\/elinformante.mx\/index.php?rest_route=\/wp\/v2\/media\/101064"}],"wp:attachment":[{"href":"https:\/\/elinformante.mx\/index.php?rest_route=%2Fwp%2Fv2%2Fmedia&parent=101063"}],"wp:term":[{"taxonomy":"category","embeddable":true,"href":"https:\/\/elinformante.mx\/index.php?rest_route=%2Fwp%2Fv2%2Fcategories&post=101063"},{"taxonomy":"post_tag","embeddable":true,"href":"https:\/\/elinformante.mx\/index.php?rest_route=%2Fwp%2Fv2%2Ftags&post=101063"}],"curies":[{"name":"wp","href":"https:\/\/api.w.org\/{rel}","templated":true}]}}