{"id":101077,"date":"2026-03-06T04:54:06","date_gmt":"2026-03-06T10:54:06","guid":{"rendered":"https:\/\/elinformante.mx\/?p=101077"},"modified":"2026-03-06T04:54:09","modified_gmt":"2026-03-06T10:54:09","slug":"checo-perez-se-alista-para-su-debut-en-el-gp-de-australia","status":"publish","type":"post","link":"https:\/\/elinformante.mx\/?p=101077","title":{"rendered":"Checo P\u00e9rez se alista para su debut en el GP de Australia"},"content":{"rendered":"\n<figure class=\"wp-block-pullquote\"><blockquote><p>-El mexicano termin\u00f3 en el lugar 20 en la primera pr\u00e1ctica, despu\u00e9s de que su auto se saliera de la pista evitando estrellarse.<\/p><\/blockquote><\/figure>\n\n\n\n<p class=\"has-drop-cap\">El piloto mexicano Sergio P\u00e9rez termin\u00f3 en el vig\u00e9simo lugar en lo que signific\u00f3 su regreso oficial a la F\u00f3rmula 1 en la primera pr\u00e1ctica del Gran Premio de Australia.<br><\/p>\n\n\n\n<p>Durante la primera pr\u00e1ctica, el mexicano sufri\u00f3 algunos sustos como que se le desprendiera el espejo derecho debido a la vibraci\u00f3n de su auto, aunado a que derrap\u00f3 en una de sus vueltas finales, sin embargo logr\u00f3 controlar el carro para no estrellarse.<br><\/p>\n\n\n\n<p>Mientras que Ferrari logr\u00f3 hacer el 1-2 con Charles Leclerc y Lewis Hamilton, el monegasco marc\u00f3 el mejor tiempo con 1:20.267, mientras que Max Verstappen e Isack Hadjar, de Red Bull, ocuparon el tercer y cuarto lugar de forma respectiva. El Top 5 lo complet\u00f3 Arvid Lindblad de Racing Bulls.<br><\/p>\n\n\n\n<figure class=\"wp-block-image size-large\"><img fetchpriority=\"high\" decoding=\"async\" width=\"1024\" height=\"506\" src=\"https:\/\/elinformante.mx\/wp-content\/uploads\/2026\/03\/14checo-2-1024x506.jpg\" alt=\"\" class=\"wp-image-101081\" srcset=\"https:\/\/elinformante.mx\/wp-content\/uploads\/2026\/03\/14checo-2-1024x506.jpg 1024w, https:\/\/elinformante.mx\/wp-content\/uploads\/2026\/03\/14checo-2-300x148.jpg 300w, https:\/\/elinformante.mx\/wp-content\/uploads\/2026\/03\/14checo-2-768x379.jpg 768w, https:\/\/elinformante.mx\/wp-content\/uploads\/2026\/03\/14checo-2.jpg 1140w\" sizes=\"(max-width: 1024px) 100vw, 1024px\" \/><\/figure>\n\n\n\n<p>Checo se qued\u00f3 4.353 segundos del tiempo de Leclerc, aunque cabe se\u00f1alar que se qued\u00f3 muy cerca de los 4.124 segundos que marc\u00f3 Lando Norris, campe\u00f3n vigente del circuito, quien se fue hasta el lugar 19.<br><\/p>\n\n\n\n<p>En su primera incursi\u00f3n en la pista, el tapat\u00edo manej\u00f3 durante cuatro vueltas y se qued\u00f3 a poco m\u00e1s de cinco segundos del l\u00edder provisional que fue el neerland\u00e9s Max Verstappen; lo curioso fue que tras parar en los pits, retorn\u00f3 para mejorar sus tiempos, aunque en ese momento se le desprendi\u00f3 el espejo derecho de su monoplaza.<br><\/p>\n\n\n\n<p>Cuando faltaban 6:20 para que terminara la pr\u00e1ctica, el mexicano se derrap\u00f3, se sali\u00f3 de la pista, aunque alcanz\u00f3 a controlar el autom\u00f3vil para no irse de lleno en contra de la barra de contenci\u00f3n: \u201cTuve demasiado freno de motor\u201d, explic\u00f3 el mexicano a su equipo a trav\u00e9s del radio para terminar completando un total de 14 vueltas.<\/p>\n","protected":false},"excerpt":{"rendered":"<p>-El mexicano termin\u00f3 en el lugar 20 en la primera pr\u00e1ctica, despu\u00e9s de que su auto se saliera de la pista evitando estrellarse. El piloto mexicano Sergio P\u00e9rez termin\u00f3 en el vig\u00e9simo lugar en lo que signific\u00f3 su regreso oficial a la F\u00f3rmula 1 en la primera pr\u00e1ctica del Gran Premio de Australia. Durante la [&hellip;]<\/p>\n","protected":false},"author":1,"featured_media":101080,"comment_status":"closed","ping_status":"closed","sticky":false,"template":"","format":"standard","meta":{"footnotes":""},"categories":[38,30],"tags":[],"class_list":["post-101077","post","type-post","status-publish","format-standard","has-post-thumbnail","hentry","category-deportes","category-destacado"],"_links":{"self":[{"href":"https:\/\/elinformante.mx\/index.php?rest_route=\/wp\/v2\/posts\/101077","targetHints":{"allow":["GET"]}}],"collection":[{"href":"https:\/\/elinformante.mx\/index.php?rest_route=\/wp\/v2\/posts"}],"about":[{"href":"https:\/\/elinformante.mx\/index.php?rest_route=\/wp\/v2\/types\/post"}],"author":[{"embeddable":true,"href":"https:\/\/elinformante.mx\/index.php?rest_route=\/wp\/v2\/users\/1"}],"replies":[{"embeddable":true,"href":"https:\/\/elinformante.mx\/index.php?rest_route=%2Fwp%2Fv2%2Fcomments&post=101077"}],"version-history":[{"count":0,"href":"https:\/\/elinformante.mx\/index.php?rest_route=\/wp\/v2\/posts\/101077\/revisions"}],"wp:featuredmedia":[{"embeddable":true,"href":"https:\/\/elinformante.mx\/index.php?rest_route=\/wp\/v2\/media\/101080"}],"wp:attachment":[{"href":"https:\/\/elinformante.mx\/index.php?rest_route=%2Fwp%2Fv2%2Fmedia&parent=101077"}],"wp:term":[{"taxonomy":"category","embeddable":true,"href":"https:\/\/elinformante.mx\/index.php?rest_route=%2Fwp%2Fv2%2Fcategories&post=101077"},{"taxonomy":"post_tag","embeddable":true,"href":"https:\/\/elinformante.mx\/index.php?rest_route=%2Fwp%2Fv2%2Ftags&post=101077"}],"curies":[{"name":"wp","href":"https:\/\/api.w.org\/{rel}","templated":true}]}}