{"id":101086,"date":"2026-03-06T05:03:03","date_gmt":"2026-03-06T11:03:03","guid":{"rendered":"https:\/\/elinformante.mx\/?p=101086"},"modified":"2026-03-06T05:03:10","modified_gmt":"2026-03-06T11:03:10","slug":"fortalecen-certeza-patrimonial-para-mujeres-de-san-mateo-atenco","status":"publish","type":"post","link":"https:\/\/elinformante.mx\/?p=101086","title":{"rendered":"Fortalecen certeza patrimonial para mujeres de San Mateo Atenco"},"content":{"rendered":"\n<figure class=\"wp-block-pullquote\"><blockquote><p>-Se instalar\u00e1n m\u00f3dulos del IMEVIS en Ciudad Mujeres para brindar asesor\u00eda jur\u00eddica y tr\u00e1mites de regularizaci\u00f3n de propiedad.<\/p><\/blockquote><\/figure>\n\n\n\n<p class=\"has-drop-cap\">Con el objetivo de brindar seguridad jur\u00eddica y proteger el patrimonio de las familias atenquenses, la presidenta municipal Ana Mu\u00f1iz Neyra fungi\u00f3 como anfitriona en la firma del Convenio de Coordinaci\u00f3n y Colaboraci\u00f3n entre la Secretar\u00eda de las Mujeres y la Secretar\u00eda de Desarrollo Urbano e Infraestructura (SEDUIE).<br><\/p>\n\n\n\n<p>Reunidos en las instalaciones de Ciudad Mujeres San Mateo Atenco, este acuerdo formaliza la apertura de los M\u00f3dulos de Difusi\u00f3n e Informaci\u00f3n del Instituto Mexiquense de la Vivienda Social (IMEVIS), un paso estrat\u00e9gico para acercar servicios de regularizaci\u00f3n de tenencia de la tierra a quienes m\u00e1s lo necesitan.<br><\/p>\n\n\n\n<p>Durante el evento destac\u00f3 que el trabajo en equipo con el Gobierno del Estado de M\u00e9xico es fundamental para generar bienestar.<br><\/p>\n\n\n\n<figure class=\"wp-block-image size-large\"><img fetchpriority=\"high\" decoding=\"async\" width=\"1024\" height=\"506\" src=\"https:\/\/elinformante.mx\/wp-content\/uploads\/2026\/03\/12mateo-2-1-1024x506.jpg\" alt=\"\" class=\"wp-image-101091\" srcset=\"https:\/\/elinformante.mx\/wp-content\/uploads\/2026\/03\/12mateo-2-1-1024x506.jpg 1024w, https:\/\/elinformante.mx\/wp-content\/uploads\/2026\/03\/12mateo-2-1-300x148.jpg 300w, https:\/\/elinformante.mx\/wp-content\/uploads\/2026\/03\/12mateo-2-1-768x379.jpg 768w, https:\/\/elinformante.mx\/wp-content\/uploads\/2026\/03\/12mateo-2-1.jpg 1140w\" sizes=\"(max-width: 1024px) 100vw, 1024px\" \/><\/figure>\n\n\n\n<p>\u201cSeguiremos trabajando de manera coordinada para que las mujeres atenquenses tengan rutas claras y asesor\u00eda especializada para asegurar su patrimonio y el de sus hijos\u201d, afirm\u00f3.<br><\/p>\n\n\n\n<p>El convenio permitir\u00e1 que las usuarias de Ciudad Mujeres accedan de manera directa a una orientaci\u00f3n jur\u00eddica en materia de vivienda; adem\u00e1s de que se brindar\u00e1 una asesor\u00eda especializada para realizar los tr\u00e1mites ante el IMEVIS. Tambi\u00e9n se dar\u00e1n a conocer rutas de regularizaci\u00f3n patrimonial para dar certeza legal a sus hogares.<br><\/p>\n\n\n\n<p>La firma cont\u00f3 con la presencia de la secretaria de las Mujeres, la Profra. Mar\u00eda Esther Rodr\u00edguez; el secretario de Desarrollo Urbano e Infraestructura, el Ing. Carlos Jes\u00fas Maza; y el titular del IMEVIS, el Dr. Alejandro Tenorio, quienes coincidieron en que el empoderamiento de la mujer tambi\u00e9n pasa por la seguridad de su propiedad.<br><\/p>\n\n\n\n<p>Con acciones como esta, el Gobierno Municipal de San Mateo Atenco reafirma su compromiso de ser un aliado permanente de las mujeres, impulsando pol\u00edticas p\u00fablicas que transforman realidades bajo el lema #UnidosS\u00ed #UnidosRegresamos.<\/p>\n","protected":false},"excerpt":{"rendered":"<p>-Se instalar\u00e1n m\u00f3dulos del IMEVIS en Ciudad Mujeres para brindar asesor\u00eda jur\u00eddica y tr\u00e1mites de regularizaci\u00f3n de propiedad. Con el objetivo de brindar seguridad jur\u00eddica y proteger el patrimonio de las familias atenquenses, la presidenta municipal Ana Mu\u00f1iz Neyra fungi\u00f3 como anfitriona en la firma del Convenio de Coordinaci\u00f3n y Colaboraci\u00f3n entre la Secretar\u00eda de [&hellip;]<\/p>\n","protected":false},"author":1,"featured_media":101090,"comment_status":"closed","ping_status":"closed","sticky":false,"template":"","format":"standard","meta":{"footnotes":""},"categories":[30,36],"tags":[],"class_list":["post-101086","post","type-post","status-publish","format-standard","has-post-thumbnail","hentry","category-destacado","category-edomex"],"_links":{"self":[{"href":"https:\/\/elinformante.mx\/index.php?rest_route=\/wp\/v2\/posts\/101086","targetHints":{"allow":["GET"]}}],"collection":[{"href":"https:\/\/elinformante.mx\/index.php?rest_route=\/wp\/v2\/posts"}],"about":[{"href":"https:\/\/elinformante.mx\/index.php?rest_route=\/wp\/v2\/types\/post"}],"author":[{"embeddable":true,"href":"https:\/\/elinformante.mx\/index.php?rest_route=\/wp\/v2\/users\/1"}],"replies":[{"embeddable":true,"href":"https:\/\/elinformante.mx\/index.php?rest_route=%2Fwp%2Fv2%2Fcomments&post=101086"}],"version-history":[{"count":0,"href":"https:\/\/elinformante.mx\/index.php?rest_route=\/wp\/v2\/posts\/101086\/revisions"}],"wp:featuredmedia":[{"embeddable":true,"href":"https:\/\/elinformante.mx\/index.php?rest_route=\/wp\/v2\/media\/101090"}],"wp:attachment":[{"href":"https:\/\/elinformante.mx\/index.php?rest_route=%2Fwp%2Fv2%2Fmedia&parent=101086"}],"wp:term":[{"taxonomy":"category","embeddable":true,"href":"https:\/\/elinformante.mx\/index.php?rest_route=%2Fwp%2Fv2%2Fcategories&post=101086"},{"taxonomy":"post_tag","embeddable":true,"href":"https:\/\/elinformante.mx\/index.php?rest_route=%2Fwp%2Fv2%2Ftags&post=101086"}],"curies":[{"name":"wp","href":"https:\/\/api.w.org\/{rel}","templated":true}]}}