{"id":101089,"date":"2026-03-06T05:11:20","date_gmt":"2026-03-06T11:11:20","guid":{"rendered":"https:\/\/elinformante.mx\/?p=101089"},"modified":"2026-03-06T05:11:23","modified_gmt":"2026-03-06T11:11:23","slug":"metepec-reconoce-a-las-mujeres-con-premio-mujer-empresaria-2026-fernando-flores","status":"publish","type":"post","link":"https:\/\/elinformante.mx\/?p=101089","title":{"rendered":"Metepec reconoce a las mujeres con premio \u201cMujer Empresaria 2026\u201d: Fernando Flores"},"content":{"rendered":"\n<figure class=\"wp-block-pullquote\"><blockquote><p>-El alcalde reafirma que cuando una mujer crece, la econom\u00eda de Metepec se fortalece.<\/p><\/blockquote><\/figure>\n\n\n\n<p class=\"has-drop-cap\">En el marco de las acciones para consolidar a Metepec como un referente de desarrollo econ\u00f3mico en el Estado de M\u00e9xico, el presidente municipal, Fernando Flores Fern\u00e1ndez, anunci\u00f3 el lanzamiento del reconocimiento \u201cMujer Empresaria Metepec 2026\u201d.<br><\/p>\n\n\n\n<p>Esta iniciativa busca visibilizar y premiar el talento, esfuerzo y liderazgo de las mujeres que, a trav\u00e9s de sus unidades econ\u00f3micas, generan empleos y dinamizan la vida comercial del municipio. El alcalde destac\u00f3 que este galard\u00f3n es un testimonio del compromiso de su administraci\u00f3n con la equidad y el fortalecimiento del liderazgo femenino.<br><\/p>\n\n\n\n<p>\u201cEn Metepec sabemos que muchas mujeres est\u00e1n sacando adelante sus empresas y moviendo nuestra econom\u00eda. Por eso creamos este reconocimiento, porque estamos convencidos de que cuando una mujer crece, su empresa crece y, en consecuencia, crece Metepec\u201d, afirm\u00f3 Flores Fern\u00e1ndez a trav\u00e9s de sus canales oficiales.<br><\/p>\n\n\n\n<p>Impulso a la competitividad: Capacitaci\u00f3n de alto nivel<br><\/p>\n\n\n\n<p>Como parte de la estrategia \u201cMetepec, Ciudad que Funciona\u201d, el Gobierno Municipal tambi\u00e9n present\u00f3 una oportunidad de profesionalizaci\u00f3n para el sector empresarial. Se trata del curso gratuito de certificaci\u00f3n Lean Six Sigma White Belt, dise\u00f1ado para emprendedores y due\u00f1os de micro, peque\u00f1as y medianas empresas (MiPyMEs).<br><\/p>\n\n\n\n<p>Este programa educativo permitir\u00e1 a los participantes optimizar procesos internos, adem\u00e1s de reducir los costos operativos e incrementar la eficiencia y rentabilidad de sus negocios.<br><\/p>\n\n\n\n<p>Con estas acciones, la administraci\u00f3n 2025-2027 busca no solo reconocer el \u00e9xito actual, sino brindar las herramientas t\u00e9cnicas necesarias para que el ecosistema emprendedor de Metepec compita con est\u00e1ndares de clase mundial.<br><\/p>\n\n\n\n<p>Los interesados en las convocatorias y en la capacitaci\u00f3n t\u00e9cnica pueden consultar las bases y realizar su registro en el sitio oficial: https:\/\/superant.my.canva.site\/whitebeltoficial.<\/p>\n","protected":false},"excerpt":{"rendered":"<p>-El alcalde reafirma que cuando una mujer crece, la econom\u00eda de Metepec se fortalece. En el marco de las acciones para consolidar a Metepec como un referente de desarrollo econ\u00f3mico en el Estado de M\u00e9xico, el presidente municipal, Fernando Flores Fern\u00e1ndez, anunci\u00f3 el lanzamiento del reconocimiento \u201cMujer Empresaria Metepec 2026\u201d. Esta iniciativa busca visibilizar y [&hellip;]<\/p>\n","protected":false},"author":1,"featured_media":101093,"comment_status":"closed","ping_status":"closed","sticky":false,"template":"","format":"standard","meta":{"footnotes":""},"categories":[36],"tags":[],"class_list":["post-101089","post","type-post","status-publish","format-standard","has-post-thumbnail","hentry","category-edomex"],"_links":{"self":[{"href":"https:\/\/elinformante.mx\/index.php?rest_route=\/wp\/v2\/posts\/101089","targetHints":{"allow":["GET"]}}],"collection":[{"href":"https:\/\/elinformante.mx\/index.php?rest_route=\/wp\/v2\/posts"}],"about":[{"href":"https:\/\/elinformante.mx\/index.php?rest_route=\/wp\/v2\/types\/post"}],"author":[{"embeddable":true,"href":"https:\/\/elinformante.mx\/index.php?rest_route=\/wp\/v2\/users\/1"}],"replies":[{"embeddable":true,"href":"https:\/\/elinformante.mx\/index.php?rest_route=%2Fwp%2Fv2%2Fcomments&post=101089"}],"version-history":[{"count":0,"href":"https:\/\/elinformante.mx\/index.php?rest_route=\/wp\/v2\/posts\/101089\/revisions"}],"wp:featuredmedia":[{"embeddable":true,"href":"https:\/\/elinformante.mx\/index.php?rest_route=\/wp\/v2\/media\/101093"}],"wp:attachment":[{"href":"https:\/\/elinformante.mx\/index.php?rest_route=%2Fwp%2Fv2%2Fmedia&parent=101089"}],"wp:term":[{"taxonomy":"category","embeddable":true,"href":"https:\/\/elinformante.mx\/index.php?rest_route=%2Fwp%2Fv2%2Fcategories&post=101089"},{"taxonomy":"post_tag","embeddable":true,"href":"https:\/\/elinformante.mx\/index.php?rest_route=%2Fwp%2Fv2%2Ftags&post=101089"}],"curies":[{"name":"wp","href":"https:\/\/api.w.org\/{rel}","templated":true}]}}