{"id":101092,"date":"2026-03-06T05:13:37","date_gmt":"2026-03-06T11:13:37","guid":{"rendered":"https:\/\/elinformante.mx\/?p=101092"},"modified":"2026-03-06T05:13:41","modified_gmt":"2026-03-06T11:13:41","slug":"inauguran-ricardo-moreno-y-grupo-bimbo-escuela-de-lluvia-en-san-pedro-totoltepec","status":"publish","type":"post","link":"https:\/\/elinformante.mx\/?p=101092","title":{"rendered":"Inauguran Ricardo Moreno y Grupo Bimbo \u201cEscuela de Lluvia\u201d en San Pedro Totoltepec"},"content":{"rendered":"\n<figure class=\"wp-block-pullquote\"><blockquote><p>-Reafirma la capital mexiquense su pol\u00edtica p\u00fablica de garantizar el derecho al l\u00edquido.<\/p><\/blockquote><\/figure>\n\n\n\n<p class=\"has-drop-cap\">El alcalde Ricardo Moreno y Grupo Bimbo inauguraron como \u201cEscuela de Lluvia\u201d al Jard\u00edn de Ni\u00f1os Mar\u00eda Montessori, de San Pedro Totoltepec, con lo que Toluca impulsa acciones concretas para enfrentar la escasez h\u00eddrica, fortalecer el uso responsable del agua y reducir la huella ambiental.<br><\/p>\n\n\n\n<p>Con esta acci\u00f3n, la instituci\u00f3n educativa apadrinada por el equipo de T\u00eda Rosa beneficia de manera directa a 133 personas, con la instalaci\u00f3n de un sistema de captaci\u00f3n pluvial, un lavamanos ahorrador y un programa educativo que promueve la cultura del agua desde la infancia, reafirmando la alianza entre empresas, gobierno, comunidad escolar y sociedad civil, con la participaci\u00f3n tambi\u00e9n de Isla Urbana y Agua Capital.<br><\/p>\n\n\n\n<figure class=\"wp-block-image size-large\"><img fetchpriority=\"high\" decoding=\"async\" width=\"1024\" height=\"506\" src=\"https:\/\/elinformante.mx\/wp-content\/uploads\/2026\/03\/11toluca-2-2-1024x506.jpg\" alt=\"\" class=\"wp-image-101096\" srcset=\"https:\/\/elinformante.mx\/wp-content\/uploads\/2026\/03\/11toluca-2-2-1024x506.jpg 1024w, https:\/\/elinformante.mx\/wp-content\/uploads\/2026\/03\/11toluca-2-2-300x148.jpg 300w, https:\/\/elinformante.mx\/wp-content\/uploads\/2026\/03\/11toluca-2-2-768x379.jpg 768w, https:\/\/elinformante.mx\/wp-content\/uploads\/2026\/03\/11toluca-2-2.jpg 1140w\" sizes=\"(max-width: 1024px) 100vw, 1024px\" \/><\/figure>\n\n\n\n<p>El Presidente Municipal explic\u00f3 que con esta cosechadora de agua de lluvia se aprovechar\u00e1 el l\u00edquido adecuadamente para evitar solamente extraerlo del subsuelo, sino utilizarlo racionalmente y, con ello, se fortalece la pol\u00edtica p\u00fablica m\u00e1s importante en la ciudad para garantizar que la poblaci\u00f3n tenga el suministro, la cual ha dado resultados, pues, detall\u00f3, ya estamos a mitad de la \u00e9poca de estiaje y no se ha sentido con tanta fuerza como en los cinco a\u00f1os anteriores.<br><\/p>\n\n\n\n<p>Por su parte, la directora general de Desarrollo Econ\u00f3mico, Yolanda Esquivel, reiter\u00f3 el compromiso del Gobierno municipal con la educaci\u00f3n y el medio ambiente, mediante alianzas estrat\u00e9gicas a trav\u00e9s de un modelo de gobernanza que ha consolidado a la capital como un territorio f\u00e9rtil para la llegada de nuevas inversiones y para la consolidaci\u00f3n de las ya existentes.<br><\/p>\n\n\n\n<p>El director de Asuntos Corporativos de Grupo Bimbo en M\u00e9xico, Eder Manuel L\u00f3pez Arellano, explic\u00f3 que este es el s\u00e9ptimo proyecto realizado en el territorio, y el segundo impulsado en esta administraci\u00f3n, de varios que se tienen planeados mediante el programa \u201cBuen Vecino\u201d y, se\u00f1al\u00f3, para nuestra empresa Toluca es una ciudad estrat\u00e9gica en la que operan centros de trabajo que generan empleo, impulsan la econom\u00eda local y forman parte de la vida cotidiana de miles de familias.<\/p>\n","protected":false},"excerpt":{"rendered":"<p>-Reafirma la capital mexiquense su pol\u00edtica p\u00fablica de garantizar el derecho al l\u00edquido. El alcalde Ricardo Moreno y Grupo Bimbo inauguraron como \u201cEscuela de Lluvia\u201d al Jard\u00edn de Ni\u00f1os Mar\u00eda Montessori, de San Pedro Totoltepec, con lo que Toluca impulsa acciones concretas para enfrentar la escasez h\u00eddrica, fortalecer el uso responsable del agua y reducir [&hellip;]<\/p>\n","protected":false},"author":1,"featured_media":101095,"comment_status":"closed","ping_status":"closed","sticky":false,"template":"","format":"standard","meta":{"footnotes":""},"categories":[30,36],"tags":[],"class_list":["post-101092","post","type-post","status-publish","format-standard","has-post-thumbnail","hentry","category-destacado","category-edomex"],"_links":{"self":[{"href":"https:\/\/elinformante.mx\/index.php?rest_route=\/wp\/v2\/posts\/101092","targetHints":{"allow":["GET"]}}],"collection":[{"href":"https:\/\/elinformante.mx\/index.php?rest_route=\/wp\/v2\/posts"}],"about":[{"href":"https:\/\/elinformante.mx\/index.php?rest_route=\/wp\/v2\/types\/post"}],"author":[{"embeddable":true,"href":"https:\/\/elinformante.mx\/index.php?rest_route=\/wp\/v2\/users\/1"}],"replies":[{"embeddable":true,"href":"https:\/\/elinformante.mx\/index.php?rest_route=%2Fwp%2Fv2%2Fcomments&post=101092"}],"version-history":[{"count":0,"href":"https:\/\/elinformante.mx\/index.php?rest_route=\/wp\/v2\/posts\/101092\/revisions"}],"wp:featuredmedia":[{"embeddable":true,"href":"https:\/\/elinformante.mx\/index.php?rest_route=\/wp\/v2\/media\/101095"}],"wp:attachment":[{"href":"https:\/\/elinformante.mx\/index.php?rest_route=%2Fwp%2Fv2%2Fmedia&parent=101092"}],"wp:term":[{"taxonomy":"category","embeddable":true,"href":"https:\/\/elinformante.mx\/index.php?rest_route=%2Fwp%2Fv2%2Fcategories&post=101092"},{"taxonomy":"post_tag","embeddable":true,"href":"https:\/\/elinformante.mx\/index.php?rest_route=%2Fwp%2Fv2%2Ftags&post=101092"}],"curies":[{"name":"wp","href":"https:\/\/api.w.org\/{rel}","templated":true}]}}