{"id":101097,"date":"2026-03-06T05:27:05","date_gmt":"2026-03-06T11:27:05","guid":{"rendered":"https:\/\/elinformante.mx\/?p=101097"},"modified":"2026-03-06T05:27:09","modified_gmt":"2026-03-06T11:27:09","slug":"transformacion-de-la-uaemex-consolida-la-democracia-universitaria-y-el-compromiso-social-paty-zarza","status":"publish","type":"post","link":"https:\/\/elinformante.mx\/?p=101097","title":{"rendered":"Transformaci\u00f3n de la UAEM\u00e9x consolida la democracia universitaria y el compromiso social: Paty Zarza"},"content":{"rendered":"\n<figure class=\"wp-block-pullquote\"><blockquote><p>-La UAEM\u00e9x ha fortalecido el papel de los centros universitarios y las unidades acad\u00e9micas profesionales.<\/p><\/blockquote><\/figure>\n\n\n\n<p class=\"has-drop-cap\">La Universidad Aut\u00f3noma del Estado de M\u00e9xico (UAEM\u00e9x) avanza en una transformaci\u00f3n institucional orientada a ampliar el acceso a la educaci\u00f3n, fortalecer el papel de sus espacios regionales y recuperar el sentido social que hist\u00f3ricamente ha caracterizado a la universidad p\u00fablica, afirm\u00f3 la rectora Martha Patricia Zarza Delgado.<br><\/p>\n\n\n\n<p>Al presentar, por primera vez en la historia de la instituci\u00f3n, el Primer Informe Anual de Actividades de la Administraci\u00f3n 2025-2029 en la Escuela Preparatoria Plantel \u201cTexcoco\u201d, destac\u00f3 que la comunidad universitaria ha marcado con claridad la ruta de cambio, como consolidar una universidad cercana, incluyente y progresista, capaz de responder a las demandas sociales y educativas del estado y del pa\u00eds.<br><\/p>\n\n\n\n<p>Zarza Delgado refiri\u00f3 que uno de los principales retos que enfrentan las universidades p\u00fablicas en M\u00e9xico es avanzar hacia la gratuidad establecida en la Ley General de Educaci\u00f3n Superior. En este contexto, dijo, la Aut\u00f3noma mexiquense ha emprendido diversas acciones para disminuir las cargas econ\u00f3micas para el estudiantado.<br><\/p>\n\n\n\n<p>Detall\u00f3 que en los \u00faltimos 10 a\u00f1os, la contribuci\u00f3n por inscripci\u00f3n se ha mantenido congelada y, en el \u00faltimo a\u00f1o y medio, la instituci\u00f3n ha logrado reducir estos costos en m\u00e1s de 30 por ciento, incluyendo un descuento adicional de 12 por ciento aplicado en el semestre en curso.<br><\/p>\n\n\n\n<p>Con estas medidas, indic\u00f3, la UAEM\u00e9x se posiciona entre las tres universidades p\u00fablicas estatales del pa\u00eds que han implementado acciones concretas para avanzar hacia la gratuidad, con el objetivo de garantizar que ning\u00fan joven se quede fuera de la educaci\u00f3n media superior o superior por motivos econ\u00f3micos.<br><\/p>\n\n\n\n<p>A este esfuerzo se suma la gratuidad de los libros de apoyo y antolog\u00edas para el nivel medio superior, medida in\u00e9dita en la historia de la instituci\u00f3n que fortalece el derecho a una educaci\u00f3n p\u00fablica de calidad.<br><\/p>\n\n\n\n<p>Asimismo, la Aut\u00f3noma mexiquense trabaja en la ampliaci\u00f3n de su cobertura educativa. Entre las acciones recientes destaca el inicio de operaciones de la Preparatoria de Tec\u00e1mac, inaugurada en septiembre pasado, que permitir\u00e1 atender cerca de mil estudiantes al t\u00e9rmino de la actual administraci\u00f3n.<br><\/p>\n\n\n\n<p>Adelant\u00f3 que se analiza la creaci\u00f3n de un nuevo plantel de educaci\u00f3n media superior en la zona oriente del Estado de M\u00e9xico, con posibilidades de desarrollarse en Nezahualc\u00f3yotl o Valle de Chalco, lo que contribuir\u00eda a ampliar las oportunidades educativas para las juventudes de esta regi\u00f3n.<br><\/p>\n\n\n\n<p>Recalc\u00f3 que uno de los principales retos de la actual administraci\u00f3n es posicionar a los planteles de la Escuela Preparatoria como referente nacional en la impartici\u00f3n de la educaci\u00f3n media superior. Por ello, durante el reciente a\u00f1o se invirtieron 16.4 mdp en mobiliario, servicios, bienes muebles, infraestructura tecnol\u00f3gica y equipo de c\u00f3mputo.<br><\/p>\n\n\n\n<p>Zarza Delgado sostuvo que como parte del proceso de Transformaci\u00f3n Universitaria, la UAEM\u00e9x ha fortalecido el papel de los centros universitarios y las unidades acad\u00e9micas profesionales, reconociendo su importancia en el desarrollo regional y en la vida institucional.<br><\/p>\n\n\n\n<p>Asever\u00f3, se restituy\u00f3 el derecho de las comunidades universitarias a elegir a sus propias autoridades. As\u00ed, en los primeros siete meses de la actual administraci\u00f3n se han realizado 11 procesos de elecci\u00f3n de autoridades, de los cuales seis corresponden a espacios regionales.<br><\/p>\n\n\n\n<p>Destaca el Centro Universitario Nezahualc\u00f3yotl, donde por primera vez desde la llegada de la Aut\u00f3noma mexiquense a ese municipio, en 2007, la comunidad universitaria pudo elegir a la persona que encabeza este espacio acad\u00e9mico.<br><\/p>\n\n\n\n<p>De igual forma, se establecieron las condiciones para que el Centro Universitario Valle de Chalco realizara su proceso de elecci\u00f3n despu\u00e9s de m\u00e1s de cinco a\u00f1os con una direcci\u00f3n provisional.<br><\/p>\n\n\n\n<p>Este fortalecimiento institucional busca consolidar mediante una reforma a la Ley Universitaria, que ser\u00e1 sometida a consulta de la comunidad y que plantea incorporar con voz y voto a todos los espacios regionales en la estructura de representaci\u00f3n institucional.<br><\/p>\n\n\n\n<p>Puntualiz\u00f3 que la transformaci\u00f3n de la UAEM\u00e9x tambi\u00e9n se sustenta en una renovada vocaci\u00f3n social, orientada a vincular el conocimiento con las necesidades de las comunidades.<br><\/p>\n\n\n\n<p>Zarza Delgado se\u00f1al\u00f3 que se impulsan proyectos de infraestructura y vinculaci\u00f3n comunitaria, como la construcci\u00f3n de la Biblioteca de la Unidad Acad\u00e9mica Profesional Chimalhuac\u00e1n, con una inversi\u00f3n superior a 22 millones de pesos, y el establecimiento de un punto de comunicaci\u00f3n y producci\u00f3n de contenidos en el Centro Universitario Nezahualc\u00f3yotl en colaboraci\u00f3n con el Sistema Mexiquense de Medios P\u00fablicos.<\/p>\n","protected":false},"excerpt":{"rendered":"<p>-La UAEM\u00e9x ha fortalecido el papel de los centros universitarios y las unidades acad\u00e9micas profesionales. La Universidad Aut\u00f3noma del Estado de M\u00e9xico (UAEM\u00e9x) avanza en una transformaci\u00f3n institucional orientada a ampliar el acceso a la educaci\u00f3n, fortalecer el papel de sus espacios regionales y recuperar el sentido social que hist\u00f3ricamente ha caracterizado a la universidad [&hellip;]<\/p>\n","protected":false},"author":1,"featured_media":101100,"comment_status":"closed","ping_status":"closed","sticky":false,"template":"","format":"standard","meta":{"footnotes":""},"categories":[30,36],"tags":[],"class_list":["post-101097","post","type-post","status-publish","format-standard","has-post-thumbnail","hentry","category-destacado","category-edomex"],"_links":{"self":[{"href":"https:\/\/elinformante.mx\/index.php?rest_route=\/wp\/v2\/posts\/101097","targetHints":{"allow":["GET"]}}],"collection":[{"href":"https:\/\/elinformante.mx\/index.php?rest_route=\/wp\/v2\/posts"}],"about":[{"href":"https:\/\/elinformante.mx\/index.php?rest_route=\/wp\/v2\/types\/post"}],"author":[{"embeddable":true,"href":"https:\/\/elinformante.mx\/index.php?rest_route=\/wp\/v2\/users\/1"}],"replies":[{"embeddable":true,"href":"https:\/\/elinformante.mx\/index.php?rest_route=%2Fwp%2Fv2%2Fcomments&post=101097"}],"version-history":[{"count":0,"href":"https:\/\/elinformante.mx\/index.php?rest_route=\/wp\/v2\/posts\/101097\/revisions"}],"wp:featuredmedia":[{"embeddable":true,"href":"https:\/\/elinformante.mx\/index.php?rest_route=\/wp\/v2\/media\/101100"}],"wp:attachment":[{"href":"https:\/\/elinformante.mx\/index.php?rest_route=%2Fwp%2Fv2%2Fmedia&parent=101097"}],"wp:term":[{"taxonomy":"category","embeddable":true,"href":"https:\/\/elinformante.mx\/index.php?rest_route=%2Fwp%2Fv2%2Fcategories&post=101097"},{"taxonomy":"post_tag","embeddable":true,"href":"https:\/\/elinformante.mx\/index.php?rest_route=%2Fwp%2Fv2%2Ftags&post=101097"}],"curies":[{"name":"wp","href":"https:\/\/api.w.org\/{rel}","templated":true}]}}