{"id":101099,"date":"2026-03-06T05:30:08","date_gmt":"2026-03-06T11:30:08","guid":{"rendered":"https:\/\/elinformante.mx\/?p=101099"},"modified":"2026-03-06T05:35:56","modified_gmt":"2026-03-06T11:35:56","slug":"se-abre-en-edomex-el-registro-del-programa-alimentacion-para-el-bienestar","status":"publish","type":"post","link":"https:\/\/elinformante.mx\/?p=101099","title":{"rendered":"Se abre en Edom\u00e9x el registro del programa Alimentaci\u00f3n para el Bienestar"},"content":{"rendered":"\n<figure class=\"wp-block-pullquote\"><blockquote><p>Las mujeres de 50 a 64 a\u00f1os podr\u00e1n realizar su tr\u00e1mite hasta el 18 de marzo<\/p><\/blockquote><\/figure>\n\n\n\n<p class=\"has-drop-cap\">Con el compromiso de no dejar a nadie atr\u00e1s y de acompa\u00f1ar a las mujeres que m\u00e1s lo necesitan, la gobernadora Delfina G\u00f3mez \u00c1lvarez anunci\u00f3 la apertura del registro del Programa Alimentaci\u00f3n para el Bienestar, para que las beneficiarias contin\u00faen recibiendo este respaldo.<br><\/p>\n\n\n\n<p>Las mujeres de 50 a 64 a\u00f1os podr\u00e1n realizar su tr\u00e1mite hasta el 18 de marzo, a fin de continuar dentro del padr\u00f3n de beneficiarias.<br><\/p>\n\n\n\n<p>Este programa es impulsado por instrucci\u00f3n de la gobernadora Delfina G\u00f3mez \u00c1lvarez, quien ha definido como prioridad atender primero a quienes m\u00e1s lo necesitan. Alimentaci\u00f3n para el Bienestar es de car\u00e1cter universal y est\u00e1 dirigido a mujeres en condici\u00f3n de pobreza, pobreza extrema o con carencia por acceso a la alimentaci\u00f3n nutritiva y de calidad, as\u00ed como a personas en situaci\u00f3n de contingencia.<br><\/p>\n\n\n\n<p>El apoyo consiste en la entrega de canastas alimentarias y servicios integrales orientados a mejorar su calidad de vida.<br><\/p>\n\n\n\n<p>Para m\u00e1s informaci\u00f3n y realizar el registro en el programa Alimentaci\u00f3n para el Bienestar, se puede consultar la p\u00e1gina oficial: http:\/\/sistemasbienestar.edomex.gob.mx:3100\/#\/inicio.<br><\/p>\n\n\n\n<p>Por otra parte, desde el 3 de marzo inici\u00f3 el pago del programa Mujeres con Bienestar para las beneficiarias cuyos apellidos inician con las letras \u201cD\u201d, \u201cE\u201d, \u201cF\u201d y \u201cG\u201d.<br><\/p>\n\n\n\n<p>Este programa fortalece el ingreso de mujeres de 18 a 59 a\u00f1os que viven en condici\u00f3n de pobreza y sin acceso a seguridad social, mediante transferencias bimestrales de 2 mil 500 pesos durante un a\u00f1o, adem\u00e1s de servicios complementarios para su desarrollo.<br><\/p>\n\n\n\n<p>Con estas acciones, el Gobierno del Estado de M\u00e9xico reafirma su compromiso de acompa\u00f1ar a las mujeres mexiquenses en cada etapa de su vida, con pol\u00edticas p\u00fablicas que priorizan la dignidad y la justicia social con apoyos directos y programas que transforman realidades.<\/p>\n","protected":false},"excerpt":{"rendered":"<p>Las mujeres de 50 a 64 a\u00f1os podr\u00e1n realizar su tr\u00e1mite hasta el 18 de marzo Con el compromiso de no dejar a nadie atr\u00e1s y de acompa\u00f1ar a las mujeres que m\u00e1s lo necesitan, la gobernadora Delfina G\u00f3mez \u00c1lvarez anunci\u00f3 la apertura del registro del Programa Alimentaci\u00f3n para el Bienestar, para que las beneficiarias [&hellip;]<\/p>\n","protected":false},"author":1,"featured_media":101102,"comment_status":"closed","ping_status":"closed","sticky":false,"template":"","format":"standard","meta":{"footnotes":""},"categories":[36],"tags":[],"class_list":["post-101099","post","type-post","status-publish","format-standard","has-post-thumbnail","hentry","category-edomex"],"_links":{"self":[{"href":"https:\/\/elinformante.mx\/index.php?rest_route=\/wp\/v2\/posts\/101099","targetHints":{"allow":["GET"]}}],"collection":[{"href":"https:\/\/elinformante.mx\/index.php?rest_route=\/wp\/v2\/posts"}],"about":[{"href":"https:\/\/elinformante.mx\/index.php?rest_route=\/wp\/v2\/types\/post"}],"author":[{"embeddable":true,"href":"https:\/\/elinformante.mx\/index.php?rest_route=\/wp\/v2\/users\/1"}],"replies":[{"embeddable":true,"href":"https:\/\/elinformante.mx\/index.php?rest_route=%2Fwp%2Fv2%2Fcomments&post=101099"}],"version-history":[{"count":0,"href":"https:\/\/elinformante.mx\/index.php?rest_route=\/wp\/v2\/posts\/101099\/revisions"}],"wp:featuredmedia":[{"embeddable":true,"href":"https:\/\/elinformante.mx\/index.php?rest_route=\/wp\/v2\/media\/101102"}],"wp:attachment":[{"href":"https:\/\/elinformante.mx\/index.php?rest_route=%2Fwp%2Fv2%2Fmedia&parent=101099"}],"wp:term":[{"taxonomy":"category","embeddable":true,"href":"https:\/\/elinformante.mx\/index.php?rest_route=%2Fwp%2Fv2%2Fcategories&post=101099"},{"taxonomy":"post_tag","embeddable":true,"href":"https:\/\/elinformante.mx\/index.php?rest_route=%2Fwp%2Fv2%2Ftags&post=101099"}],"curies":[{"name":"wp","href":"https:\/\/api.w.org\/{rel}","templated":true}]}}