{"id":101101,"date":"2026-03-06T05:39:04","date_gmt":"2026-03-06T11:39:04","guid":{"rendered":"https:\/\/elinformante.mx\/?p=101101"},"modified":"2026-03-06T05:39:06","modified_gmt":"2026-03-06T11:39:06","slug":"edomex-tendra-mas-de-60-actividades-en-el-marco-del-8m","status":"publish","type":"post","link":"https:\/\/elinformante.mx\/?p=101101","title":{"rendered":"Edom\u00e9x tendr\u00e1 m\u00e1s de 60 actividades en el marco del 8M"},"content":{"rendered":"\n<figure class=\"wp-block-pullquote\"><blockquote><p>-La campa\u00f1a \u201cNos Movemos Seguras\u201d llega a los 125 municipios mexiquenses, buscando fomentar la igualdad sustantiva y el acceso a la justicia para las mujeres en el transporte p\u00fablico.<\/p><\/blockquote><\/figure>\n\n\n\n<p class=\"has-drop-cap\">En el marco del D\u00eda Internacional de la Mujer, el Gobierno del Estado de M\u00e9xico, a trav\u00e9s de la Secretar\u00eda de las Mujeres (SeMujeres), llevar\u00e1 a cabo 68 actividades en el territorio estatal, para promover la igualdad sustantiva, fortalecer el acceso a los derechos humanos y garantizar la justicia a todas las ni\u00f1as, j\u00f3venes y mujeres.<br><\/p>\n\n\n\n<p>Mar\u00eda Esther Rodr\u00edguez Hern\u00e1ndez, titular de la Secretar\u00eda de las Mujeres, destac\u00f3 que esta agenda reafirma el compromiso de la Maestra Delfina G\u00f3mez \u00c1lvarez con la transformaci\u00f3n de las condiciones de vida de las mexiquenses.<br><\/p>\n\n\n\n<p>\u201cEste 8M es un llamado a la acci\u00f3n; por ello, desde el Estado de M\u00e9xico, trabajamos para que la igualdad sea una realidad tangible, con pol\u00edticas p\u00fablicas que garanticen los derechos, el acceso a la justicia, a la autonom\u00eda y a una vida libre de violencia para todas las mujeres\u201d, destac\u00f3 la Secretaria.<br><\/p>\n\n\n\n<p>\u201cNos Movemos Seguras\u201d, iniciativa del Gobierno del Estado de M\u00e9xico para prevenir y atender el acoso sexual en el transporte p\u00fablico, se implementar\u00e1 en los 125 municipios.<br><\/p>\n\n\n\n<p>Como parte de garantizar espacios seguros a mujeres v\u00edctimas de violencia, se inaugur\u00f3 el Centro LIBRE en Luvianos, y pr\u00f3ximamente se har\u00e1 en Coacalco, Tianguistenco, Santo Tom\u00e1s y Acambay.<br><\/p>\n\n\n\n<p>Estos espacios forman parte de la estrategia del Gobierno de M\u00e9xico y del Edom\u00e9x para fomentar la autonom\u00eda econ\u00f3mica, brindar atenci\u00f3n integral y acompa\u00f1amiento psicol\u00f3gico.<br><\/p>\n\n\n\n<p>La agenda del 8M contempla: 19 conferencias y foros sobre el acceso a la justicia con perspectiva de g\u00e9nero; 19 Caravanas estatales; cuatro Asambleas Municipales en Tepotzotl\u00e1n, Amecameca, Atizap\u00e1n y Zinacantepec; as\u00ed como diferentes actividades masivas y conmemorativas, como la Convocatoria de L\u00edderes Ind\u00edgenas, Jornadas por la Igualdad Sustantiva y Territorios de Justicia, con el objetivo de acercar servicios jur\u00eddicos y orientaci\u00f3n especializada en comunidades con mayores \u00edndices de vulnerabilidad.<br><\/p>\n\n\n\n<p>Para fomentar una vida saludable en las mujeres, se invita a la carrera atl\u00e9tica de 5 kil\u00f3metros para el 22 de marzo, a realizarse en Toluca.<br><\/p>\n\n\n\n<p>Como parte de las acciones institucionales, se realizar\u00e1n firmas de convenios entre la Secretar\u00eda de las Mujeres con: IMEVIS, Sindicato Nacional de Trabajadores de la Educaci\u00f3n Valle de M\u00e9xico Secci\u00f3n 36, Defensor\u00eda P\u00fablica y Compromiso por la Igualdad, para promover entornos laborales igualitarios y libres de violencia.<br><\/p>\n\n\n\n<p>Adem\u00e1s, se llevar\u00e1n a cabo las entregas de equipos y herramientas para el fortalecimiento de proyectos productivos; entregas de kits de aseo personal a Mujeres Privadas de la Libertad, y se otorgar\u00e1 el \u201cPremio Mujeres Defensoras de Derechos Humanos\u201d, que reconoce la trayectoria y el trabajo de quienes luchan por la justicia y la dignidad de otras mujeres.<br><\/p>\n\n\n\n<p>Todas las actividades, fechas y horarios pueden consultarse en las redes sociales de la Secretar\u00eda de las Mujeres del Estado de M\u00e9xico.<br><\/p>\n\n\n\n<p>Con esta amplia agenda de actividades, el Gobierno del Estado de M\u00e9xico, refrenda su compromiso con la construcci\u00f3n de un Estado m\u00e1s justo, igualitario y libre de violencia, donde las mujeres puedan ejercer plenamente sus derechos.<\/p>\n","protected":false},"excerpt":{"rendered":"<p>-La campa\u00f1a \u201cNos Movemos Seguras\u201d llega a los 125 municipios mexiquenses, buscando fomentar la igualdad sustantiva y el acceso a la justicia para las mujeres en el transporte p\u00fablico. En el marco del D\u00eda Internacional de la Mujer, el Gobierno del Estado de M\u00e9xico, a trav\u00e9s de la Secretar\u00eda de las Mujeres (SeMujeres), llevar\u00e1 a [&hellip;]<\/p>\n","protected":false},"author":1,"featured_media":101104,"comment_status":"closed","ping_status":"closed","sticky":false,"template":"","format":"standard","meta":{"footnotes":""},"categories":[1],"tags":[],"class_list":["post-101101","post","type-post","status-publish","format-standard","has-post-thumbnail","hentry","category-sin-categoria"],"_links":{"self":[{"href":"https:\/\/elinformante.mx\/index.php?rest_route=\/wp\/v2\/posts\/101101","targetHints":{"allow":["GET"]}}],"collection":[{"href":"https:\/\/elinformante.mx\/index.php?rest_route=\/wp\/v2\/posts"}],"about":[{"href":"https:\/\/elinformante.mx\/index.php?rest_route=\/wp\/v2\/types\/post"}],"author":[{"embeddable":true,"href":"https:\/\/elinformante.mx\/index.php?rest_route=\/wp\/v2\/users\/1"}],"replies":[{"embeddable":true,"href":"https:\/\/elinformante.mx\/index.php?rest_route=%2Fwp%2Fv2%2Fcomments&post=101101"}],"version-history":[{"count":0,"href":"https:\/\/elinformante.mx\/index.php?rest_route=\/wp\/v2\/posts\/101101\/revisions"}],"wp:featuredmedia":[{"embeddable":true,"href":"https:\/\/elinformante.mx\/index.php?rest_route=\/wp\/v2\/media\/101104"}],"wp:attachment":[{"href":"https:\/\/elinformante.mx\/index.php?rest_route=%2Fwp%2Fv2%2Fmedia&parent=101101"}],"wp:term":[{"taxonomy":"category","embeddable":true,"href":"https:\/\/elinformante.mx\/index.php?rest_route=%2Fwp%2Fv2%2Fcategories&post=101101"},{"taxonomy":"post_tag","embeddable":true,"href":"https:\/\/elinformante.mx\/index.php?rest_route=%2Fwp%2Fv2%2Ftags&post=101101"}],"curies":[{"name":"wp","href":"https:\/\/api.w.org\/{rel}","templated":true}]}}