{"id":101103,"date":"2026-03-06T06:10:39","date_gmt":"2026-03-06T12:10:39","guid":{"rendered":"https:\/\/elinformante.mx\/?p=101103"},"modified":"2026-03-06T06:10:46","modified_gmt":"2026-03-06T12:10:46","slug":"mesas-de-paz-pilar-estrategico-para-la-seguridad-y-gobernabilidad-en-edomex-delfina-gomez","status":"publish","type":"post","link":"https:\/\/elinformante.mx\/?p=101103","title":{"rendered":"Mesas de Paz pilar estrat\u00e9gico para la seguridad y gobernabilidad en Edom\u00e9x: Delfina G\u00f3mez"},"content":{"rendered":"\n<figure class=\"wp-block-pullquote\"><blockquote><p>-En la reuni\u00f3n se reforzaron acciones para mantener la incidencia delictiva a la baja.<\/p><\/blockquote><\/figure>\n\n\n\n<p class=\"has-drop-cap\">Al encabezar la Mesa de Coordinaci\u00f3n para la Construcci\u00f3n de la Paz, la Gobernadora del Estado de M\u00e9xico, Delfina G\u00f3mez \u00c1lvarez, reafirm\u00f3 el compromiso de su administraci\u00f3n de atender de ra\u00edz las causas de la violencia para consolidar un estado seguro y en paz.<br><\/p>\n\n\n\n<p>Durante la sesi\u00f3n, la mandataria estatal revis\u00f3 las estrategias implementadas en territorio mexiquense y subray\u00f3 que el trabajo conjunto ha permitido mantener la incidencia delictiva a la baja. G\u00f3mez \u00c1lvarez enfatiz\u00f3 que estos encuentros diarios no son solo actos de rendici\u00f3n de cuentas, sino un pilar de inteligencia estatal que permite una respuesta inmediata ante los retos de seguridad.<br><\/p>\n\n\n\n<p>\u201cSeguiremos atendiendo las causas que originan la delincuencia. Cada encuentro matutino es una pieza clave en nuestra estrategia para recuperar la tranquilidad de las familias mexiquenses\u201d, se\u00f1al\u00f3 la gobernadora frente a los integrantes de la Mesa.<br><\/p>\n\n\n\n<figure class=\"wp-block-image size-large\"><img fetchpriority=\"high\" decoding=\"async\" width=\"1024\" height=\"506\" src=\"https:\/\/elinformante.mx\/wp-content\/uploads\/2026\/03\/8delfina-5-1024x506.jpg\" alt=\"\" class=\"wp-image-101107\" srcset=\"https:\/\/elinformante.mx\/wp-content\/uploads\/2026\/03\/8delfina-5-1024x506.jpg 1024w, https:\/\/elinformante.mx\/wp-content\/uploads\/2026\/03\/8delfina-5-300x148.jpg 300w, https:\/\/elinformante.mx\/wp-content\/uploads\/2026\/03\/8delfina-5-768x379.jpg 768w, https:\/\/elinformante.mx\/wp-content\/uploads\/2026\/03\/8delfina-5.jpg 1140w\" sizes=\"(max-width: 1024px) 100vw, 1024px\" \/><\/figure>\n\n\n\n<p>Por su parte, el Secretario General de Gobierno, Horacio Duarte Olivares, fue enf\u00e1tico al se\u00f1alar que las Mesas de Paz, que se celebran puntualmente a las 8:00 de la ma\u00f1ana, son espacios operativos de alta relevancia donde se instruyen y toman las decisiones que definen el rumbo de la entidad.<br><\/p>\n\n\n\n<p>Duarte Olivares puntualiz\u00f3 que, lejos de ser espacios pasivos, en estas reuniones se eval\u00faan minuciosamente las \u00e1reas de seguridad y se analizan problem\u00e1ticas cr\u00edticas en coordinaci\u00f3n con los tres \u00f3rdenes de gobierno y las fuerzas armadas. Asimismo, respondi\u00f3 a se\u00f1alamientos de sectores de la oposici\u00f3n, asegurando que esta visi\u00f3n integral garantiza la gobernabilidad y la eficacia administrativa.<br><\/p>\n\n\n\n<p>El Gobierno del Estado de M\u00e9xico reafirma que la seguridad es una prioridad que conlleva decisiones estrat\u00e9gicas diarias. Bajo el mando directo de la Gobernadora y en estrecha colaboraci\u00f3n con las autoridades federales, se mantiene un frente unido para garantizar el bienestar y la paz social en todo el territorio mexiquense.<\/p>\n","protected":false},"excerpt":{"rendered":"<p>-En la reuni\u00f3n se reforzaron acciones para mantener la incidencia delictiva a la baja. Al encabezar la Mesa de Coordinaci\u00f3n para la Construcci\u00f3n de la Paz, la Gobernadora del Estado de M\u00e9xico, Delfina G\u00f3mez \u00c1lvarez, reafirm\u00f3 el compromiso de su administraci\u00f3n de atender de ra\u00edz las causas de la violencia para consolidar un estado seguro [&hellip;]<\/p>\n","protected":false},"author":1,"featured_media":101106,"comment_status":"closed","ping_status":"closed","sticky":false,"template":"","format":"standard","meta":{"footnotes":""},"categories":[30,36,31],"tags":[],"class_list":["post-101103","post","type-post","status-publish","format-standard","has-post-thumbnail","hentry","category-destacado","category-edomex","category-portada"],"_links":{"self":[{"href":"https:\/\/elinformante.mx\/index.php?rest_route=\/wp\/v2\/posts\/101103","targetHints":{"allow":["GET"]}}],"collection":[{"href":"https:\/\/elinformante.mx\/index.php?rest_route=\/wp\/v2\/posts"}],"about":[{"href":"https:\/\/elinformante.mx\/index.php?rest_route=\/wp\/v2\/types\/post"}],"author":[{"embeddable":true,"href":"https:\/\/elinformante.mx\/index.php?rest_route=\/wp\/v2\/users\/1"}],"replies":[{"embeddable":true,"href":"https:\/\/elinformante.mx\/index.php?rest_route=%2Fwp%2Fv2%2Fcomments&post=101103"}],"version-history":[{"count":0,"href":"https:\/\/elinformante.mx\/index.php?rest_route=\/wp\/v2\/posts\/101103\/revisions"}],"wp:featuredmedia":[{"embeddable":true,"href":"https:\/\/elinformante.mx\/index.php?rest_route=\/wp\/v2\/media\/101106"}],"wp:attachment":[{"href":"https:\/\/elinformante.mx\/index.php?rest_route=%2Fwp%2Fv2%2Fmedia&parent=101103"}],"wp:term":[{"taxonomy":"category","embeddable":true,"href":"https:\/\/elinformante.mx\/index.php?rest_route=%2Fwp%2Fv2%2Fcategories&post=101103"},{"taxonomy":"post_tag","embeddable":true,"href":"https:\/\/elinformante.mx\/index.php?rest_route=%2Fwp%2Fv2%2Ftags&post=101103"}],"curies":[{"name":"wp","href":"https:\/\/api.w.org\/{rel}","templated":true}]}}