{"id":101121,"date":"2026-03-06T06:25:13","date_gmt":"2026-03-06T12:25:13","guid":{"rendered":"https:\/\/elinformante.mx\/?p=101121"},"modified":"2026-03-06T06:25:16","modified_gmt":"2026-03-06T12:25:16","slug":"guerrero-lanza-campana-rumbo-a-semana-santa-guerrero-es-tan-vibrante-como-hecho-a-mano","status":"publish","type":"post","link":"https:\/\/elinformante.mx\/?p=101121","title":{"rendered":"Guerrero lanza campa\u00f1a rumbo a Semana Santa \u201cGuerrero es tan vibrante, \u00a1Como hecho a mano!\u201d"},"content":{"rendered":"\n<figure class=\"wp-block-pullquote\"><blockquote><p>-El Hogar del Sol listo para recibir a miles de visitantes en una de las temporadas m\u00e1s importantes del a\u00f1o<\/p><\/blockquote><\/figure>\n\n\n\n<p class=\"has-drop-cap\">El gobierno del estado lanz\u00f3 la campa\u00f1a \u201cGuerrero es tan vibrante, \u00a1Como hecho a mano!\u201d, estrategia de promoci\u00f3n tur\u00edstica que busca atraer visitantes nacionales y extranjeros durante la pr\u00f3xima temporada vacacional de Semana Santa, del 30 de marzo al 12 de abril.<br><\/p>\n\n\n\n<p>La propuesta impulsada por la gobernadora Evelyn Salgado Pineda, invita a descubrir un Guerrero lleno de color, tradici\u00f3n y hospitalidad, donde cada destino refleja identidad propia.<br><\/p>\n\n\n\n<p>Desde las playas emblem\u00e1ticas de Acapulco e Ixtapa-Zihuatanejo, hasta la arquitectura colonial y la tradici\u00f3n platera de Taxco, pasando por la riqueza cultural de Ixcateopan de Cuauht\u00e9moc y los paisajes naturales de La Uni\u00f3n, el Hogar del Sol se proyecta como un mosaico de experiencias aut\u00e9nticas.<br><\/p>\n\n\n\n<p>A trav\u00e9s de la Secretar\u00eda de Turismo Guerrero que encabeza Sim\u00f3n Qui\u00f1ones Orozco, se mantiene un trabajo permanente en los destinos ancla y en los pueblos m\u00e1gicos, como Taxco de Alarc\u00f3n, Zihuatanejo, Ixcateopan de Cuauht\u00e9moc; as\u00ed como los Barrios M\u00e1gicos de Playa Bonfil, Pie de la Cuesta y Tixtla de Guerrero, donde la historia, la gastronom\u00eda y las tradiciones siguen latiendo con fuerza.<br><\/p>\n\n\n\n<p>Desde el inicio de la administraci\u00f3n estatal se ha apostado por mostrar la belleza natural, cultural y gastron\u00f3mica de Guerrero, fortaleciendo la promoci\u00f3n tur\u00edstica en coordinaci\u00f3n con empresarios y prestadores de servicios, quienes suman esfuerzos para ofrecer calidad, seguridad y experiencias memorables.<br><\/p>\n\n\n\n<p>Como parte de la estrategia integral, tambi\u00e9n se ha trabajado en la apertura de nuevas rutas a\u00e9reas y en el impulso al arribo de cruceros, consolidando la llegada de turismo nacional e internacional y dinamizando la econom\u00eda local.<br><\/p>\n\n\n\n<p>Con la campa\u00f1a, Guerrero se presenta ante el mundo como un destino vivo, aut\u00e9ntico y vibrante, listo para recibir a miles de visitantes en una de las temporadas m\u00e1s importantes del a\u00f1o.<\/p>\n","protected":false},"excerpt":{"rendered":"<p>-El Hogar del Sol listo para recibir a miles de visitantes en una de las temporadas m\u00e1s importantes del a\u00f1o El gobierno del estado lanz\u00f3 la campa\u00f1a \u201cGuerrero es tan vibrante, \u00a1Como hecho a mano!\u201d, estrategia de promoci\u00f3n tur\u00edstica que busca atraer visitantes nacionales y extranjeros durante la pr\u00f3xima temporada vacacional de Semana Santa, del [&hellip;]<\/p>\n","protected":false},"author":1,"featured_media":101124,"comment_status":"closed","ping_status":"closed","sticky":false,"template":"","format":"standard","meta":{"footnotes":""},"categories":[34],"tags":[],"class_list":["post-101121","post","type-post","status-publish","format-standard","has-post-thumbnail","hentry","category-nacional"],"_links":{"self":[{"href":"https:\/\/elinformante.mx\/index.php?rest_route=\/wp\/v2\/posts\/101121","targetHints":{"allow":["GET"]}}],"collection":[{"href":"https:\/\/elinformante.mx\/index.php?rest_route=\/wp\/v2\/posts"}],"about":[{"href":"https:\/\/elinformante.mx\/index.php?rest_route=\/wp\/v2\/types\/post"}],"author":[{"embeddable":true,"href":"https:\/\/elinformante.mx\/index.php?rest_route=\/wp\/v2\/users\/1"}],"replies":[{"embeddable":true,"href":"https:\/\/elinformante.mx\/index.php?rest_route=%2Fwp%2Fv2%2Fcomments&post=101121"}],"version-history":[{"count":0,"href":"https:\/\/elinformante.mx\/index.php?rest_route=\/wp\/v2\/posts\/101121\/revisions"}],"wp:featuredmedia":[{"embeddable":true,"href":"https:\/\/elinformante.mx\/index.php?rest_route=\/wp\/v2\/media\/101124"}],"wp:attachment":[{"href":"https:\/\/elinformante.mx\/index.php?rest_route=%2Fwp%2Fv2%2Fmedia&parent=101121"}],"wp:term":[{"taxonomy":"category","embeddable":true,"href":"https:\/\/elinformante.mx\/index.php?rest_route=%2Fwp%2Fv2%2Fcategories&post=101121"},{"taxonomy":"post_tag","embeddable":true,"href":"https:\/\/elinformante.mx\/index.php?rest_route=%2Fwp%2Fv2%2Ftags&post=101121"}],"curies":[{"name":"wp","href":"https:\/\/api.w.org\/{rel}","templated":true}]}}